{"id":21572,"date":"2020-12-23T07:54:36","date_gmt":"2020-12-23T13:54:36","guid":{"rendered":"http:\/\/www.zonaroja.com.mx\/?p=21572"},"modified":"2020-12-23T07:54:39","modified_gmt":"2020-12-23T13:54:39","slug":"confirma-teeo-infracciones-electorales-de-alcaldesas-de-amilpas-tehuantepec-y-nochixtlan","status":"publish","type":"post","link":"https:\/\/zonaroja.com.mx\/?p=21572","title":{"rendered":"Confirma TEEO infracciones electorales de alcaldesas de Amilpas, Tehuantepec y Nochixtl\u00e1n"},"content":{"rendered":"\n<p>Redacci\u00f3n\/Zona Roja.<\/p>\n\n\n\n<p>Oaxaca de Ju\u00e1rez, Oax., a 23 de diciembre de 2020.- En sesi\u00f3n p\u00fablica presencial, a puerta cerrada, el Tribunal Electoral del Estado de Oaxaca (TEEO) confirm\u00f3 la resoluci\u00f3n de la Comisi\u00f3n de Quejas y Denuncias o Procedimiento Contencioso Electoral del IEEPCO respecto a que la presidenta municipal de Asunci\u00f3n Nochixtl\u00e1n, Lizbeth Victoria Huerta, incurri\u00f3 en la infracci\u00f3n electoral de propaganda personalizada.<\/p>\n\n\n\n<p>Por otro lado, el Pleno del TEEO resolvi\u00f3 que la presidenta municipal de Santo Domingo Tehuantepec, Vilma Mart\u00ednez Cort\u00e9s, es responsable de ejercer violencia pol\u00edtica en raz\u00f3n de g\u00e9nero en contra de un grupo de pobladoras de la comunidad de Concepci\u00f3n Bamba.<\/p>\n\n\n\n<p>La autoridad responsable, advierte la sentencia de este juicio para la protecci\u00f3n de los derechos pol\u00edtico electorales del ciudadano con clave JDC\/112\/2020, asumi\u00f3 una actitud omisa ante esta situaci\u00f3n, m\u00e1s a\u00fan tolerando y auspiciando las conductas mis\u00f3ginas desplegadas por un grupo de varones de esa comunidad.<\/p>\n\n\n\n<p>La magistrada y los magistrados de este \u00f3rgano jurisdiccional resolvieron que a este grupo de mujeres de Concepci\u00f3n Bamba se les impidi\u00f3 participar en la elecci\u00f3n de las autoridades comunitarias de esa poblaci\u00f3n.<\/p>\n\n\n\n<p>En consecuencia, se ordena al ayuntamiento de Tehuantepec convoque a elecciones garantizando la participaci\u00f3n igualitaria de mujeres, adem\u00e1s, se notificar\u00e1 a Instituto Nacional Electoral (INE) y al Instituto Estatal Electoral y de Participaci\u00f3n Ciudadana de Oaxaca (IEEPCO) para los efectos legales que procedan.<\/p>\n\n\n\n<p>Por otro lado, en el expediente n\u00famero JDC\/89\/2020 y sus acumulados, el TEEO se ordena al presidente, secretaria, Tesorera y Regidora de Hacienda del municipio de Salina Cruz realice el pago de dietas reclamado por el regidor de Turismo.<\/p>\n\n\n\n<p>En cuanto hace al recurso de apelaci\u00f3n n\u00famero RA\/04\/2020, promovido por la presidenta municipal de San Jacinto Amilpas, Yolanda Santos, el Tribunal declar\u00f3 infundados los agravios hechos valer por la actora, toda vez que se advirtieron elementos suficientes para declarar la existencia de la infracci\u00f3n por propaganda personalizada, como lo se\u00f1al\u00f3 en su momento la Comisi\u00f3n de Quejas y Denuncias o Procedimiento Contencioso Electoral del IEEPCO<\/p>\n\n\n\n<p>Por otro lado, determin\u00f3 en el Recurso de Apelaci\u00f3n n\u00famero RA\/03\/2020 que no tiene sustento legal la creaci\u00f3n por parte del Instituto Estatal Electoral y de Participaci\u00f3n Ciudadana de Oaxaca (IEEPCO) del Registro de Personas Infractoras por Propaganda Personalizada.<\/p>\n\n\n\n<p>En cuanto al Juicio para la Protecci\u00f3n&nbsp; de los Derechos Pol\u00edtico Electorales del Ciudadano con claves JDC\/117\/2020 y JDC\/119\/2020, revoc\u00f3 el resolutivo 23 y las consideraciones que lo sustentan, contenidos en el Acuerdo IEEPCO-CG-32\/2020, aprobado por el Instituto Estatal Electoral y de Participaci\u00f3n Ciudadana de Oaxaca, el 10 de noviembre, as\u00ed como el t\u00edtulo II de los Lineamientos, denominado \u201cde las candidaturas independientes relativas a las comunidades, pueblos ind\u00edgenas y afromexicanas\u201d<\/p>\n\n\n\n<p>Esta determinaci\u00f3n se tom\u00f3 en funci\u00f3n que el Instituto no realiz\u00f3 un consulta a los pueblos y comunidades ind\u00edgenas y afromexicanos del Estado, adem\u00e1s, no aport\u00f3 ning\u00fan an\u00e1lisis cuantitativo o cualitativo previo a implementar la acci\u00f3n afirmativa.<\/p>\n","protected":false},"excerpt":{"rendered":"<p>Redacci\u00f3n\/Zona Roja. Oaxaca de Ju\u00e1rez, Oax., a 23 de diciembre de 2020.- En sesi\u00f3n p\u00fablica&hellip;<\/p>\n","protected":false},"author":2,"featured_media":21573,"comment_status":"closed","ping_status":"open","sticky":false,"template":"","format":"standard","meta":{"_lmt_disableupdate":"","_lmt_disable":"","_jetpack_memberships_contains_paid_content":false,"footnotes":""},"categories":[109,47],"tags":[2235],"class_list":["post-21572","post","type-post","status-publish","format-standard","has-post-thumbnail","hentry","category-minuto-a-minuto","category-zona-gris","tag-tribunal-electoral-del-estado-de-oaxaca-teeo"],"jetpack_featured_media_url":"https:\/\/zonaroja.com.mx\/wp-content\/uploads\/2020\/12\/Presidentas-municipales-TEEO.jpg","jetpack_sharing_enabled":true,"_links":{"self":[{"href":"https:\/\/zonaroja.com.mx\/index.php?rest_route=\/wp\/v2\/posts\/21572","targetHints":{"allow":["GET"]}}],"collection":[{"href":"https:\/\/zonaroja.com.mx\/index.php?rest_route=\/wp\/v2\/posts"}],"about":[{"href":"https:\/\/zonaroja.com.mx\/index.php?rest_route=\/wp\/v2\/types\/post"}],"author":[{"embeddable":true,"href":"https:\/\/zonaroja.com.mx\/index.php?rest_route=\/wp\/v2\/users\/2"}],"replies":[{"embeddable":true,"href":"https:\/\/zonaroja.com.mx\/index.php?rest_route=%2Fwp%2Fv2%2Fcomments&post=21572"}],"version-history":[{"count":1,"href":"https:\/\/zonaroja.com.mx\/index.php?rest_route=\/wp\/v2\/posts\/21572\/revisions"}],"predecessor-version":[{"id":21574,"href":"https:\/\/zonaroja.com.mx\/index.php?rest_route=\/wp\/v2\/posts\/21572\/revisions\/21574"}],"wp:featuredmedia":[{"embeddable":true,"href":"https:\/\/zonaroja.com.mx\/index.php?rest_route=\/wp\/v2\/media\/21573"}],"wp:attachment":[{"href":"https:\/\/zonaroja.com.mx\/index.php?rest_route=%2Fwp%2Fv2%2Fmedia&parent=21572"}],"wp:term":[{"taxonomy":"category","embeddable":true,"href":"https:\/\/zonaroja.com.mx\/index.php?rest_route=%2Fwp%2Fv2%2Fcategories&post=21572"},{"taxonomy":"post_tag","embeddable":true,"href":"https:\/\/zonaroja.com.mx\/index.php?rest_route=%2Fwp%2Fv2%2Ftags&post=21572"}],"curies":[{"name":"wp","href":"https:\/\/api.w.org\/{rel}","templated":true}]}}