{"id":21575,"date":"2020-12-23T08:16:11","date_gmt":"2020-12-23T14:16:11","guid":{"rendered":"http:\/\/www.zonaroja.com.mx\/?p=21575"},"modified":"2020-12-23T08:16:19","modified_gmt":"2020-12-23T14:16:19","slug":"formalizan-pan-pri-y-prd-su-coalicion-nacional-va-por-mexico","status":"publish","type":"post","link":"https:\/\/zonaroja.com.mx\/?p=21575","title":{"rendered":"Formalizan PAN, PRI y PRD su coalici\u00f3n nacional \u201cVa por M\u00e9xico\u201d"},"content":{"rendered":"\n<p>Redacci\u00f3n\/Zona Roja Cdmx.<\/p>\n\n\n\n<p>Ciudad de M\u00e9xico, 23 de diciembre de 2020.- Los dirigentes de los partidos Acci\u00f3n Nacional (PAN), Revolucionario Institucional (PRI) y de la Revoluci\u00f3n de la Democr\u00e1tica (PRD) formalizaron la coalici\u00f3n \u201cVa por M\u00e9xico\u201d, cuyas banderas en el proceso electoral de 2021 contra el gobierno federal y el partido Morena ser\u00e1n: el p\u00e9simo manejo de la pandemia de Covid-19, el crecimiento de la inseguridad y la crisis econ\u00f3mica.<\/p>\n\n\n\n<p>En una presentaci\u00f3n virtual, con personificadores electr\u00f3nicos para identificar a los participantes, los tres partidos tomaron la idea y propuesta de Claudio X. Gonz\u00e1lez, quien el 20 de octubre form\u00f3 la organizaci\u00f3n S\u00ed por M\u00e9xico.<\/p>\n\n\n\n<p>Se escuch\u00f3 la postura connivente y de respaldo de una decena de representantes de la sociedad civil organizada a la decisi\u00f3n de los partidos que gobernaron el pa\u00eds durante m\u00e1s de 80 a\u00f1os, entre ellos el propio Claudio X. Gonz\u00e1lez, quien se considera uno de los principales opositores del presidente de la Rep\u00fablica, Andr\u00e9s Manuel L\u00f3pez Obrador.<\/p>\n\n\n\n<p>Los tres partidos, definidos como de derecha, centro e izquierda, pusieron sobre la mesa la plataforma ideol\u00f3gica que les mueve: enfrentar la entelequia que amenaza su visi\u00f3n de la democracia. Primero ponderaron las grandes reformas que fueron consensuadas por esas tres fuerzas, y la m\u00e1s importante es el Pacto por M\u00e9xico, puntualiz\u00f3 el PAN. Tambi\u00e9n suscribieron la agenda m\u00ednima que les present\u00f3 S\u00ed por M\u00e9xico.<\/p>\n\n\n\n<p>Defender a la sociedad, defender la propiedad privada, la libre empresa, la igualdad sustantiva, la salud y la educaci\u00f3n: \u00e9stas son las causas que est\u00e1n amenazadas. La amenaza para nuestro pa\u00eds es innegable, y cada d\u00eda se vuelve m\u00e1s c\u00ednica, la inseguridad.<\/p>\n\n\n\n<p>La narrativa de los discursos de PAN, PRI y PRD se construy\u00f3 con generalidades y descalificaciones, y acusaron al gobierno federal de dividir a la sociedad.<\/p>\n\n\n\n<p>(Informaci\u00f3n del diario \u201cLa Jornada\u201d)<\/p>\n","protected":false},"excerpt":{"rendered":"<p>Redacci\u00f3n\/Zona Roja Cdmx. Ciudad de M\u00e9xico, 23 de diciembre de 2020.- Los dirigentes de los&hellip;<\/p>\n","protected":false},"author":2,"featured_media":21576,"comment_status":"closed","ping_status":"open","sticky":false,"template":"","format":"standard","meta":{"_lmt_disableupdate":"","_lmt_disable":"","_jetpack_memberships_contains_paid_content":false,"footnotes":""},"categories":[109,47],"tags":[2312],"class_list":["post-21575","post","type-post","status-publish","format-standard","has-post-thumbnail","hentry","category-minuto-a-minuto","category-zona-gris","tag-alianza-partidos-va-por-mexico"],"jetpack_featured_media_url":"https:\/\/zonaroja.com.mx\/wp-content\/uploads\/2020\/12\/Alianza-Va-por-Mexico.jpg","jetpack_sharing_enabled":true,"_links":{"self":[{"href":"https:\/\/zonaroja.com.mx\/index.php?rest_route=\/wp\/v2\/posts\/21575","targetHints":{"allow":["GET"]}}],"collection":[{"href":"https:\/\/zonaroja.com.mx\/index.php?rest_route=\/wp\/v2\/posts"}],"about":[{"href":"https:\/\/zonaroja.com.mx\/index.php?rest_route=\/wp\/v2\/types\/post"}],"author":[{"embeddable":true,"href":"https:\/\/zonaroja.com.mx\/index.php?rest_route=\/wp\/v2\/users\/2"}],"replies":[{"embeddable":true,"href":"https:\/\/zonaroja.com.mx\/index.php?rest_route=%2Fwp%2Fv2%2Fcomments&post=21575"}],"version-history":[{"count":1,"href":"https:\/\/zonaroja.com.mx\/index.php?rest_route=\/wp\/v2\/posts\/21575\/revisions"}],"predecessor-version":[{"id":21577,"href":"https:\/\/zonaroja.com.mx\/index.php?rest_route=\/wp\/v2\/posts\/21575\/revisions\/21577"}],"wp:featuredmedia":[{"embeddable":true,"href":"https:\/\/zonaroja.com.mx\/index.php?rest_route=\/wp\/v2\/media\/21576"}],"wp:attachment":[{"href":"https:\/\/zonaroja.com.mx\/index.php?rest_route=%2Fwp%2Fv2%2Fmedia&parent=21575"}],"wp:term":[{"taxonomy":"category","embeddable":true,"href":"https:\/\/zonaroja.com.mx\/index.php?rest_route=%2Fwp%2Fv2%2Fcategories&post=21575"},{"taxonomy":"post_tag","embeddable":true,"href":"https:\/\/zonaroja.com.mx\/index.php?rest_route=%2Fwp%2Fv2%2Ftags&post=21575"}],"curies":[{"name":"wp","href":"https:\/\/api.w.org\/{rel}","templated":true}]}}