{"id":21578,"date":"2020-12-23T15:33:51","date_gmt":"2020-12-23T21:33:51","guid":{"rendered":"http:\/\/www.zonaroja.com.mx\/?p=21578"},"modified":"2020-12-23T15:33:56","modified_gmt":"2020-12-23T21:33:56","slug":"en-visperas-de-navidad-protestas-en-oaxaca-no-cesan-y-hasta-ediles-se-suman","status":"publish","type":"post","link":"https:\/\/zonaroja.com.mx\/?p=21578","title":{"rendered":"En v\u00edsperas de Navidad, protestas en Oaxaca no cesan y hasta ediles se suman"},"content":{"rendered":"\n<p>Yuridiana Sosa\/Zona Roja.<\/p>\n\n\n\n<p>Oaxaca de Ju\u00e1rez, Oax., 23 de diciembre de 2020.- La gobernabilidad en Oaxaca se vuelve a ver endeble ante las manifestaciones y bloqueos carreteros, ahora hasta por las autoridades municipales del Istmo y la regi\u00f3n Mixteca, quienes exigen atenci\u00f3n del gobierno estatal.<\/p>\n\n\n\n<p>Este mi\u00e9rcoles, la presidenta municipal de Asunci\u00f3n Nochixtlan, Lizbeth Victoria Huerta, encabez\u00f3 la \u201ctoma\u201d de la caseta de peaje de San Pablo Huitzo, desde temprana hora.<\/p>\n\n\n\n<p>La edil arrib\u00f3 al lugar junto con un grupo de trabajadores del ayuntamiento de Nochixtl\u00e1n, quienes por medio de mensajes en cartulinas demandan soluci\u00f3n a sus demandas.<\/p>\n\n\n\n<p>Algunos automovilistas tambi\u00e9n denunciaron que el grupo de servidores p\u00fablicos se encuentra agresivo.<\/p>\n\n\n\n<figure class=\"wp-block-embed-twitter wp-block-embed is-type-rich is-provider-twitter\"><div class=\"wp-block-embed__wrapper\">\n<div class=\"twitter-tweet\"><blockquote class=\"twitter-tweet\" data-lang=\"es\"><p lang=\"es\" dir=\"ltr\"><a href=\"https:\/\/twitter.com\/hashtag\/%C3%9AltimoMinuto?src=hash&amp;ref_src=twsrc%5Etfw\">#\u00daltimoMinuto<\/a> <br>Una segunda protesta del d\u00eda, en la caseta de peaje de Huitzo, en la supercarretera Oaxaca-Cuacnopalan; son habitantes de Asunci\u00f3n Nochixtl\u00e1n. <a href=\"https:\/\/t.co\/pRAZkkr7Hv\">pic.twitter.com\/pRAZkkr7Hv<\/a><\/p>&mdash; Zona Roja Oaxaca (@MexRoja) <a href=\"https:\/\/twitter.com\/MexRoja\/status\/1341779844216942592?ref_src=twsrc%5Etfw\">23 de diciembre de 2020<\/a><\/blockquote><\/div>\n<\/div><\/figure>\n\n\n\n<p>TAMBI\u00c9N ISTMO<\/p>\n\n\n\n<p>En tanto, en la regi\u00f3n del Istmo, por segundo d\u00eda consecutivo las autoridades de Juchit\u00e1n, Salina Cruz, Tehuantepec y San Blas Atempa, entre otros, mantienen bloqueos en tres tramos carreteros de la zona, impidiendo el paso hacia la regi\u00f3n de Valles Centrales y el estado de Chiapas.<\/p>\n\n\n\n<p>Esta ma\u00f1ana, liderados por los presidentes municipales, los trabajadores de los ayuntamientos cerraron el paso en el punto conocido como \u201cEl Caracol\u201d sobre el kil\u00f3metro 246 de la carretera Panamericana 190 en el tramo Jalapa del Marqu\u00e9s &#8211; Tehuantepec.<\/p>\n\n\n\n<p>Adem\u00e1s, en la carretera Trans\u00edstmica 185, en el punto conocido como la \u201cY\u201d o entronque en de La Ventosa. As\u00ed como en el kil\u00f3metro 58 de la carretera 190 Panamericana, en el tramo La Ventosa-Tapanatepec, en el punto conocido en el Puente Ostuta, sin paso al estado de Chiapas.<\/p>\n\n\n\n<figure class=\"wp-block-embed-twitter wp-block-embed is-type-rich is-provider-twitter\"><div class=\"wp-block-embed__wrapper\">\n<div class=\"twitter-tweet\"><blockquote class=\"twitter-tweet\" data-lang=\"es\"><p lang=\"es\" dir=\"ltr\"><a href=\"https:\/\/twitter.com\/hashtag\/%C3%9AltimoMinuto?src=hash&amp;ref_src=twsrc%5Etfw\">#\u00daltimoMinuto<\/a> <br>Por segundo d\u00eda consecutivo, se mantiene bloqueo de ediles y pobladores de Juchit\u00e1n, Salina Cruz, Tehuantepec y San Blas Atempa a dos tramos carreteros en la regi\u00f3n del Istmo; ninguna atenci\u00f3n de la <a href=\"https:\/\/twitter.com\/SEGEGO_GobOax?ref_src=twsrc%5Etfw\">@SEGEGO_GobOax<\/a> y <a href=\"https:\/\/twitter.com\/SEFINGobOax?ref_src=twsrc%5Etfw\">@SEFINGobOax<\/a>, denuncian. <a href=\"https:\/\/t.co\/vlzqgF5D9b\">pic.twitter.com\/vlzqgF5D9b<\/a><\/p>&mdash; Zona Roja Oaxaca (@MexRoja) <a href=\"https:\/\/twitter.com\/MexRoja\/status\/1341755832569098240?ref_src=twsrc%5Etfw\">23 de diciembre de 2020<\/a><\/blockquote><\/div>\n<\/div><\/figure>\n\n\n\n<p>MARCHA EN LA CAPITAL<\/p>\n\n\n\n<p>Por otra parte, un grupo de ind\u00edgenas triquis desplazados de San Juan Copala marcharon este mi\u00e9rcoles en el Centro Hist\u00f3rico de Oaxaca para denunciar el abandono institucional del Gobierno del Estado en el transcurso de 10 a\u00f1os de su desplazamiento forzado.<\/p>\n\n\n\n<p>En conferencia de prensa, tras la marcha, las mujeres ind\u00edgenas recordaron la violaci\u00f3n a sus derechos humanos al no aplicase justicia ni las condiciones para el regreso a su comunidad bajo las condiciones que garanticen la seguridad de las familias.<\/p>\n\n\n\n<p>La violaci\u00f3n a sus derechos tambi\u00e9n se acent\u00faa ante las condiciones en la que viven en campamentos, sin acceso a los servicios de salud, educaci\u00f3n y vivienda.<\/p>\n\n\n\n<p>Las familias exigieron la intervenci\u00f3n nuevamente de la Comisi\u00f3n Interamericana de Derechos Humanos para conocer los avances en este caso.<\/p>\n","protected":false},"excerpt":{"rendered":"<p>Yuridiana Sosa\/Zona Roja. Oaxaca de Ju\u00e1rez, Oax., 23 de diciembre de 2020.- La gobernabilidad en&hellip;<\/p>\n","protected":false},"author":2,"featured_media":21579,"comment_status":"closed","ping_status":"open","sticky":false,"template":"","format":"standard","meta":{"_lmt_disableupdate":"","_lmt_disable":"","_jetpack_memberships_contains_paid_content":false,"footnotes":""},"categories":[109,47],"tags":[1975],"class_list":["post-21578","post","type-post","status-publish","format-standard","has-post-thumbnail","hentry","category-minuto-a-minuto","category-zona-gris","tag-bloqueos-carreteros-oaxaca"],"jetpack_featured_media_url":"https:\/\/zonaroja.com.mx\/wp-content\/uploads\/2020\/12\/Bloqueo-Nochixtlan.jpg","jetpack_sharing_enabled":true,"_links":{"self":[{"href":"https:\/\/zonaroja.com.mx\/index.php?rest_route=\/wp\/v2\/posts\/21578","targetHints":{"allow":["GET"]}}],"collection":[{"href":"https:\/\/zonaroja.com.mx\/index.php?rest_route=\/wp\/v2\/posts"}],"about":[{"href":"https:\/\/zonaroja.com.mx\/index.php?rest_route=\/wp\/v2\/types\/post"}],"author":[{"embeddable":true,"href":"https:\/\/zonaroja.com.mx\/index.php?rest_route=\/wp\/v2\/users\/2"}],"replies":[{"embeddable":true,"href":"https:\/\/zonaroja.com.mx\/index.php?rest_route=%2Fwp%2Fv2%2Fcomments&post=21578"}],"version-history":[{"count":1,"href":"https:\/\/zonaroja.com.mx\/index.php?rest_route=\/wp\/v2\/posts\/21578\/revisions"}],"predecessor-version":[{"id":21580,"href":"https:\/\/zonaroja.com.mx\/index.php?rest_route=\/wp\/v2\/posts\/21578\/revisions\/21580"}],"wp:featuredmedia":[{"embeddable":true,"href":"https:\/\/zonaroja.com.mx\/index.php?rest_route=\/wp\/v2\/media\/21579"}],"wp:attachment":[{"href":"https:\/\/zonaroja.com.mx\/index.php?rest_route=%2Fwp%2Fv2%2Fmedia&parent=21578"}],"wp:term":[{"taxonomy":"category","embeddable":true,"href":"https:\/\/zonaroja.com.mx\/index.php?rest_route=%2Fwp%2Fv2%2Fcategories&post=21578"},{"taxonomy":"post_tag","embeddable":true,"href":"https:\/\/zonaroja.com.mx\/index.php?rest_route=%2Fwp%2Fv2%2Ftags&post=21578"}],"curies":[{"name":"wp","href":"https:\/\/api.w.org\/{rel}","templated":true}]}}