{"id":21581,"date":"2020-12-23T16:16:09","date_gmt":"2020-12-23T22:16:09","guid":{"rendered":"http:\/\/www.zonaroja.com.mx\/?p=21581"},"modified":"2020-12-23T16:18:09","modified_gmt":"2020-12-23T22:18:09","slug":"oaxaca-suman-fuerzas-en-operacion-chapultepec-del-imss","status":"publish","type":"post","link":"https:\/\/zonaroja.com.mx\/?p=21581","title":{"rendered":"Oaxaca suman fuerzas en \u201cOperaci\u00f3n Chapultepec\u201d del IMSS"},"content":{"rendered":"\n<p>Yuridiana Sosa\/Zona Roja.<\/p>\n\n\n\n<p>Oaxaca de Ju\u00e1rez, Oax., 23 de diciembre de 2020.- Personal m\u00e9dico del Instituto Mexicano del Seguro Social (IMSS) de Oaxaca, con 22 profesionistas, se integr\u00f3 al equipo de trabajadores de salud que har\u00e1n frente a la nueva ola de Covid-19 en los estados en color rojo, como parte del programa especial solidario \u201cOperaci\u00f3n Chapultepec\u201d.<\/p>\n\n\n\n<p>Ante el creciente n\u00famero de casos Covid en los hospitales de Ciudad de M\u00e9xico, Estado de M\u00e9xico y Baja California, el IMSS lanz\u00f3 un llamado de solidaridad al personal m\u00e9dico para que se sumen a apoyar a sus compa\u00f1eros en la recta final de este a\u00f1o, tras ocho meses de lucha constante.<\/p>\n\n\n\n<p>Personal del Hospital de Zona 3 del IMSS en Tuxtepec atendi\u00f3 al llamado del instituto para colaborar en la batalla contra el Covid-19.<\/p>\n\n\n\n<figure class=\"wp-block-embed-twitter wp-block-embed is-type-rich is-provider-twitter\"><div class=\"wp-block-embed__wrapper\">\n<div class=\"twitter-tweet\"><blockquote class=\"twitter-tweet\" data-lang=\"es\"><p lang=\"es\" dir=\"ltr\">\u00a1El <a href=\"https:\/\/twitter.com\/IMSS_Oaxaca?ref_src=twsrc%5Etfw\">@IMSS_Oaxaca<\/a> est\u00e1 en la casa! <br>Su personal de salud forma parte de <a href=\"https:\/\/twitter.com\/hashtag\/Operaci%C3%B3nChap%C3%BAltepec?src=hash&amp;ref_src=twsrc%5Etfw\">#Operaci\u00f3nChap\u00faltepec<\/a> y te pide que pases <a href=\"https:\/\/twitter.com\/hashtag\/DiciembreEnCasa?src=hash&amp;ref_src=twsrc%5Etfw\">#DiciembreEnCasa<\/a> para prevenir un mayor n\u00famero de contagios por <a href=\"https:\/\/twitter.com\/hashtag\/COVID19?src=hash&amp;ref_src=twsrc%5Etfw\">#COVID19<\/a>.<br><br>Si no tienes a qu\u00e9 salir, no lo hagas y <a href=\"https:\/\/twitter.com\/hashtag\/Qu%C3%A9dateEnCasa?src=hash&amp;ref_src=twsrc%5Etfw\">#Qu\u00e9dateEnCasa<\/a> <a href=\"https:\/\/t.co\/DSrpBhqrGr\">pic.twitter.com\/DSrpBhqrGr<\/a><\/p>&mdash; IMSS (@Tu_IMSS) <a href=\"https:\/\/twitter.com\/Tu_IMSS\/status\/1341799287731212290?ref_src=twsrc%5Etfw\">23 de diciembre de 2020<\/a><\/blockquote><\/div>\n<\/div><\/figure>\n\n\n\n<p>Un equipo de 10 m\u00e9dicos y enfermeras de Tuxtepec se integr\u00f3 al grupo de trabajadores de la salud que el IMSS Oaxaca reuni\u00f3 para formar parte de la \u201cOperaci\u00f3n Chapultepec\u201d.<\/p>\n\n\n\n<p>A su vez, el IMSS Oaxaca dio a conocer que el equipo ya se encuentra en la ciudad de M\u00e9xico \u201clistos y dispuestos codo a codo con los compa\u00f1eros\u201d para hacerle frente a la emergencia sanitaria por Covid-19.<\/p>\n\n\n\n<p>\u201cSu personal de salud forma parte de Operaci\u00f3n Chapultepec y te pide que pases diciembre en casa para prevenir un mayor n\u00famero de contagios\u201d, escribi\u00f3 la instituci\u00f3n en su cuenta de Facebook, pues miles de trabajadores de la salud pasar\u00e1n Nochebuena y Navidad en un hospital combatiendo la crisis sanitaria.<\/p>\n\n\n\n<p>El director general del IMSS, Zo\u00e9 Robledo, inform\u00f3 que m\u00e1s de 600 m\u00e9dicos y enfermeras \u201chan levantado la mano\u201d para ayudar en Ciudad de M\u00e9xico, Estado de M\u00e9xico y Baja California.<\/p>\n\n\n\n<p>Adem\u00e1s de Oaxaca, se han sumado m\u00e9dicos y enfermeras de los estados de Veracruz, Chiapas, Sonora, Tabasco, Tamaulipas, Colima y Michoac\u00e1n.<\/p>\n","protected":false},"excerpt":{"rendered":"<p>Yuridiana Sosa\/Zona Roja. Oaxaca de Ju\u00e1rez, Oax., 23 de diciembre de 2020.- Personal m\u00e9dico del&hellip;<\/p>\n","protected":false},"author":2,"featured_media":21582,"comment_status":"closed","ping_status":"open","sticky":false,"template":"","format":"standard","meta":{"_lmt_disableupdate":"","_lmt_disable":"","_jetpack_memberships_contains_paid_content":false,"footnotes":""},"categories":[109,46],"tags":[1261],"class_list":["post-21581","post","type-post","status-publish","format-standard","has-post-thumbnail","hentry","category-minuto-a-minuto","category-zona-blanca","tag-delegacion-del-imss-oaxaca"],"jetpack_featured_media_url":"https:\/\/zonaroja.com.mx\/wp-content\/uploads\/2020\/12\/IMSS-Oaxaca.jpg","jetpack_sharing_enabled":true,"_links":{"self":[{"href":"https:\/\/zonaroja.com.mx\/index.php?rest_route=\/wp\/v2\/posts\/21581","targetHints":{"allow":["GET"]}}],"collection":[{"href":"https:\/\/zonaroja.com.mx\/index.php?rest_route=\/wp\/v2\/posts"}],"about":[{"href":"https:\/\/zonaroja.com.mx\/index.php?rest_route=\/wp\/v2\/types\/post"}],"author":[{"embeddable":true,"href":"https:\/\/zonaroja.com.mx\/index.php?rest_route=\/wp\/v2\/users\/2"}],"replies":[{"embeddable":true,"href":"https:\/\/zonaroja.com.mx\/index.php?rest_route=%2Fwp%2Fv2%2Fcomments&post=21581"}],"version-history":[{"count":2,"href":"https:\/\/zonaroja.com.mx\/index.php?rest_route=\/wp\/v2\/posts\/21581\/revisions"}],"predecessor-version":[{"id":21584,"href":"https:\/\/zonaroja.com.mx\/index.php?rest_route=\/wp\/v2\/posts\/21581\/revisions\/21584"}],"wp:featuredmedia":[{"embeddable":true,"href":"https:\/\/zonaroja.com.mx\/index.php?rest_route=\/wp\/v2\/media\/21582"}],"wp:attachment":[{"href":"https:\/\/zonaroja.com.mx\/index.php?rest_route=%2Fwp%2Fv2%2Fmedia&parent=21581"}],"wp:term":[{"taxonomy":"category","embeddable":true,"href":"https:\/\/zonaroja.com.mx\/index.php?rest_route=%2Fwp%2Fv2%2Fcategories&post=21581"},{"taxonomy":"post_tag","embeddable":true,"href":"https:\/\/zonaroja.com.mx\/index.php?rest_route=%2Fwp%2Fv2%2Ftags&post=21581"}],"curies":[{"name":"wp","href":"https:\/\/api.w.org\/{rel}","templated":true}]}}