{"id":21585,"date":"2020-12-23T17:48:54","date_gmt":"2020-12-23T23:48:54","guid":{"rendered":"http:\/\/www.zonaroja.com.mx\/?p=21585"},"modified":"2020-12-23T18:04:13","modified_gmt":"2020-12-24T00:04:13","slug":"refutan-pobladores-de-santiago-textitlan-dicen-ser-ellos-los-agredidos","status":"publish","type":"post","link":"https:\/\/zonaroja.com.mx\/?p=21585","title":{"rendered":"Refutan pobladores de Santiago Textitl\u00e1n, dicen ser ellos los agredidos"},"content":{"rendered":"\n<p>Evlin Arag\u00f3n\/Zona Roja.<\/p>\n\n\n\n<p>Oaxaca de Ju\u00e1rez, Oax., 23 de diciembre de 2020.- Habitantes de la agencia municipal de R\u00edo Santiago, de Santiago Textitl\u00e1n, aseguraron que fueron ellos los agredidos con armas de fuego por parte de sus vecinos de Santiago Xochiltepec, que recientemente se manifestaron en la capital de Oaxaca para exigir la presencia de la Guardia Nacional en la zona.&nbsp;<\/p>\n\n\n\n<p>En tanto, una representaci\u00f3n de la cabecera municipal lleg\u00f3 esta ma\u00f1ana a Ciudad Administrativa, oficinas de gobierno ubicadas en Tlalixtac de Cabrera, donde tambi\u00e9n denunciaron que hay afectaciones a R\u00edo Santiago.<\/p>\n\n\n\n<p>A trav\u00e9s de un video publicado anoche en las redes sociales, en su mayor\u00eda mujeres reunidas en la cabecera de Textitl\u00e1n, denunciaron que la madrugada del domingo 20 de diciembre comenzaron los balazos, por lo que tuvieron que salir de sus viviendas, incluso de la comunidad para salvar su vida.<\/p>\n\n\n\n<p>\u201cPedimos la fuerza p\u00fablica estatal y federal para ser resguardado y poder regresar a nuestros hogares\u201d dijo una comunera y madre de familia.<\/p>\n\n\n\n<p>De forma reiterada solicitaron la intervenci\u00f3n directa del gobernador de Oaxaca, Alejandro Murat Hinojosa, ya que desde el d\u00eda domingo se la han pasado corriendo en b\u00fasqueda de un lugar donde poder resguardarse de las balas que se han hecho sonar en la localidad.&nbsp;<\/p>\n\n\n\n<p>\u201cLos de Xochiltepec nos vinieron a despojar de nuestras casas, por eso aqu\u00ed est\u00e1n ni\u00f1os, j\u00f3venes, se\u00f1oras sufriendo, pasando fr\u00edo, no trajimos nada. Realmente es mucho sufrimiento vivir as\u00ed. Nosotros no estamos peleando, no le hemos hecho nada con esa comunidad\u201d, relat\u00f3 una desesperada mujer.<\/p>\n\n\n\n<p>En este sentido, indicaron que no se trata de la primera vez que son atacados con armas de fuego, por el contrario, se trata de una acci\u00f3n recurrente por parte de habitantes de Santiago Xochiltepec.<\/p>\n\n\n\n<p>\u201cQueremos paz se\u00f1or gobernador, nosotros somos vecinos y no es posible vivir as\u00ed. No queremos m\u00e1s muertes. Por favor ay\u00fadennos se\u00f1or gobernador\u201d, refirieron.\u00a0<\/p>\n\n\n\n<figure class=\"wp-block-embed-twitter wp-block-embed is-type-rich is-provider-twitter\"><div class=\"wp-block-embed__wrapper\">\n<div class=\"twitter-tweet\"><blockquote class=\"twitter-tweet\" data-lang=\"es\"><p lang=\"es\" dir=\"ltr\"><a href=\"https:\/\/twitter.com\/hashtag\/%C3%9AltimoMinuto?src=hash&amp;ref_src=twsrc%5Etfw\">#\u00daltimoMinuto<\/a><br>Pobladores de Santiago <a href=\"https:\/\/twitter.com\/hashtag\/Textitl%C3%A1n?src=hash&amp;ref_src=twsrc%5Etfw\">#Textitl\u00e1n<\/a>, <a href=\"https:\/\/twitter.com\/hashtag\/Oaxaca?src=hash&amp;ref_src=twsrc%5Etfw\">#Oaxaca<\/a>, refutan y aseguran que ellos fueron agredidos con armas de fuego por parte de Santiago Xochiltepec; tambi\u00e9n piden presencia de cuerpos de seguridad de manera permanente. <a href=\"https:\/\/t.co\/LUTIXWRoPS\">pic.twitter.com\/LUTIXWRoPS<\/a><\/p>&mdash; Zona Roja Oaxaca (@MexRoja) <a href=\"https:\/\/twitter.com\/MexRoja\/status\/1341736916018995201?ref_src=twsrc%5Etfw\">23 de diciembre de 2020<\/a><\/blockquote><\/div>\n<\/div><\/figure>\n\n\n\n<p>Explicaron que la agresi\u00f3n armada ya dej\u00f3 como saldo a dos personas muertas, as\u00ed como decenas de familias desplazadas, ya que las viviendas fueron cubiertas de balas y saqueadas por personas que no respetan la paz y convivencia entre vecinos.&nbsp;<\/p>\n\n\n\n<p>El llamado para intervenir lo extendieron al Presidente de la Rep\u00fablica, Andr\u00e9s Manuel L\u00f3pez Obrador, a fin de hacer justicia para la comunidad y sus habitantes que padecen desde hace m\u00e1s tres d\u00edas un clima de violencia, del cual aseguran no son responsables.&nbsp;<\/p>\n\n\n\n<p>Finalmente aseguraron que fueron sus votos lo que pusieron al gobernador y presidente en la \u201csilla\u201d en la que est\u00e1n, por lo que piden atenci\u00f3n a la problem\u00e1tica en retribuci\u00f3n al apoyo brindado durante las elecciones, particularmente solicitaron el arribo de la Sedena y Guardia Nacional a la localidad.&nbsp;<\/p>\n\n\n\n<p>\u201cQueremos que los causantes de este desplazamiento san castigados\u201d; Sr. Presidente Andr\u00e9s Manuel L\u00f3pez O. Exigimos que los muertos de nuestro pueblo que quede impune\u201d; \u201cQueremos vivir en paz\u201d; \u201cBasta de amenazas por las redes sociales\u201d; y \u201cExigimos justicia\u201d, son parte de las pancartas que se pueden ver en el video.&nbsp;<\/p>\n\n\n\n<p>En tanto, los manifestantes que llegaron a Ciudad Administrativa se\u00f1alaron que Xochiltepec ha invadido al menos cinco hect\u00e1reas de R\u00edo Santiago, al que atacaron con armas de fuego.<\/p>\n\n\n\n<p>Argumentaron que a la agencia de Xochiltepec s\u00ed le entregaron los recursos presupuestales del a\u00f1o pasado, pero no han realizado las comprobaciones correspondientes, por lo cual no se les ha entregado.<\/p>\n\n\n\n<p>Reiteraron su llamado a las autoridades para que haya mayor vigilancia a fin de evitar hechos de sangre. \u201cNo es la primera vez, no nos han hecho caso; desde 1994 nos mataron a una persona y no han parado las agresiones\u201d, dijeron.<\/p>\n","protected":false},"excerpt":{"rendered":"<p>Evlin Arag\u00f3n\/Zona Roja. Oaxaca de Ju\u00e1rez, Oax., 23 de diciembre de 2020.- Habitantes de la&hellip;<\/p>\n","protected":false},"author":2,"featured_media":21587,"comment_status":"closed","ping_status":"open","sticky":false,"template":"","format":"standard","meta":{"_lmt_disableupdate":"","_lmt_disable":"","_jetpack_memberships_contains_paid_content":false,"footnotes":""},"categories":[109,47],"tags":[1980],"class_list":["post-21585","post","type-post","status-publish","format-standard","has-post-thumbnail","hentry","category-minuto-a-minuto","category-zona-gris","tag-santiago-textitlan"],"jetpack_featured_media_url":"https:\/\/zonaroja.com.mx\/wp-content\/uploads\/2020\/12\/7f713849-4a6e-49ee-b695-2269df4f036a.jpg","jetpack_sharing_enabled":true,"_links":{"self":[{"href":"https:\/\/zonaroja.com.mx\/index.php?rest_route=\/wp\/v2\/posts\/21585","targetHints":{"allow":["GET"]}}],"collection":[{"href":"https:\/\/zonaroja.com.mx\/index.php?rest_route=\/wp\/v2\/posts"}],"about":[{"href":"https:\/\/zonaroja.com.mx\/index.php?rest_route=\/wp\/v2\/types\/post"}],"author":[{"embeddable":true,"href":"https:\/\/zonaroja.com.mx\/index.php?rest_route=\/wp\/v2\/users\/2"}],"replies":[{"embeddable":true,"href":"https:\/\/zonaroja.com.mx\/index.php?rest_route=%2Fwp%2Fv2%2Fcomments&post=21585"}],"version-history":[{"count":1,"href":"https:\/\/zonaroja.com.mx\/index.php?rest_route=\/wp\/v2\/posts\/21585\/revisions"}],"predecessor-version":[{"id":21586,"href":"https:\/\/zonaroja.com.mx\/index.php?rest_route=\/wp\/v2\/posts\/21585\/revisions\/21586"}],"wp:featuredmedia":[{"embeddable":true,"href":"https:\/\/zonaroja.com.mx\/index.php?rest_route=\/wp\/v2\/media\/21587"}],"wp:attachment":[{"href":"https:\/\/zonaroja.com.mx\/index.php?rest_route=%2Fwp%2Fv2%2Fmedia&parent=21585"}],"wp:term":[{"taxonomy":"category","embeddable":true,"href":"https:\/\/zonaroja.com.mx\/index.php?rest_route=%2Fwp%2Fv2%2Fcategories&post=21585"},{"taxonomy":"post_tag","embeddable":true,"href":"https:\/\/zonaroja.com.mx\/index.php?rest_route=%2Fwp%2Fv2%2Ftags&post=21585"}],"curies":[{"name":"wp","href":"https:\/\/api.w.org\/{rel}","templated":true}]}}