{"id":21589,"date":"2020-12-23T19:11:56","date_gmt":"2020-12-24T01:11:56","guid":{"rendered":"https:\/\/www.zonaroja.com.mx\/?p=21589"},"modified":"2020-12-23T19:11:59","modified_gmt":"2020-12-24T01:11:59","slug":"a-un-ano-impune-asesinato-de-ex-edil-y-sindico-en-jalapa-de-diaz","status":"publish","type":"post","link":"https:\/\/zonaroja.com.mx\/?p=21589","title":{"rendered":"A un a\u00f1o, impune asesinato de ex edil y s\u00edndico en Jalapa de D\u00edaz"},"content":{"rendered":"\n<p class=\"MsoNormal\">Yuridiana Sosa\/Zona Roja.<\/p>\n\n\n\n<p class=\"MsoNormal\">San Juan Bautista Tuxtepec, Oax., 23 de diciembre de 2020.-&nbsp;<a href=\"\/\/1\">Este mi\u00e9rcoles<\/a>&nbsp;se cumple un a\u00f1o del asesinato del entonces presidente de San Felipe Jalapa de D\u00edaz y el S\u00edndico Hacendario, Arturo Garc\u00eda Velasco y Javier Terrero, respectivamente, hechos que siguen impunes.<\/p>\n\n\n\n<p class=\"MsoNormal\">El ex edil, por el partido Morena, en la regi\u00f3n de la Cuenca, fue atacado por un grupo armado mientras se encontraba en un convivio p\u00fablico organizado por el DIF municipal, con motivo de una convivencia navide\u00f1a con la poblaci\u00f3n.<\/p>\n\n\n\n<p class=\"MsoNormal\">Garc\u00eda Vel\u00e1squez qued\u00f3 tendido en el lugar al igual que su compa\u00f1ero de cabildo, Javier Terrero, ante la mirada de cientos de habitantes y de la familia del presidente municipal.<\/p>\n\n\n\n<p class=\"MsoNormal\">El fiscal General del Estado, Rub\u00e9n Vasconcelos M\u00e9ndez, se\u00f1al\u00f3 en aquel momento que el crimen obedec\u00eda a una pugna entre grupos delincuenciales que operan en esa zona de la regi\u00f3n de la Cuenca del Papaloapan.<\/p>\n\n\n\n<p class=\"MsoNormal\">Pero a\u00fan as\u00ed, se comprometi\u00f3 a realizar una exhaustiva investigaci\u00f3n para dar con los responsables del doble homicidio en el municipio ind\u00edgena mazateco, de la regi\u00f3n de la Cuenca.<\/p>\n\n\n\n<p class=\"MsoNormal\">El fiscal tambi\u00e9n dio a conocer en marzo de este a\u00f1o que la Fiscal\u00eda General de la Rep\u00fablica (FGR) le ha solicitado informaci\u00f3n; sin embargo, no hab\u00eda enviado los datos a la dependencia de justicia a nivel nacional por que hasta ese entonces no contaba con mayor informaci\u00f3n debido a que \u201cno tienen mucha comunicaci\u00f3n\u201d con la familia de Garc\u00eda Vel\u00e1squez por los sucesos anteriores a su muerte.<\/p>\n\n\n\n<p class=\"MsoNormal\">Hasta el momento, las autoridades estatales no han emitido m\u00e1s informaci\u00f3n sobre el caso.<\/p>\n","protected":false},"excerpt":{"rendered":"<p>Yuridiana Sosa\/Zona Roja. San Juan Bautista Tuxtepec, Oax., 23 de diciembre de 2020.-&nbsp;Este mi\u00e9rcoles&nbsp;se cumple&hellip;<\/p>\n","protected":false},"author":2,"featured_media":21588,"comment_status":"closed","ping_status":"open","sticky":false,"template":"","format":"standard","meta":{"_lmt_disableupdate":"","_lmt_disable":"","_jetpack_memberships_contains_paid_content":false,"footnotes":""},"categories":[109,47],"tags":[1017],"class_list":["post-21589","post","type-post","status-publish","format-standard","has-post-thumbnail","hentry","category-minuto-a-minuto","category-zona-gris","tag-san-felipa-jalapa-de-diaz"],"jetpack_featured_media_url":"https:\/\/zonaroja.com.mx\/wp-content\/uploads\/2020\/12\/41d518fc-596c-4dda-9d87-9424d1c8af5d.jpg","jetpack_sharing_enabled":true,"_links":{"self":[{"href":"https:\/\/zonaroja.com.mx\/index.php?rest_route=\/wp\/v2\/posts\/21589","targetHints":{"allow":["GET"]}}],"collection":[{"href":"https:\/\/zonaroja.com.mx\/index.php?rest_route=\/wp\/v2\/posts"}],"about":[{"href":"https:\/\/zonaroja.com.mx\/index.php?rest_route=\/wp\/v2\/types\/post"}],"author":[{"embeddable":true,"href":"https:\/\/zonaroja.com.mx\/index.php?rest_route=\/wp\/v2\/users\/2"}],"replies":[{"embeddable":true,"href":"https:\/\/zonaroja.com.mx\/index.php?rest_route=%2Fwp%2Fv2%2Fcomments&post=21589"}],"version-history":[{"count":1,"href":"https:\/\/zonaroja.com.mx\/index.php?rest_route=\/wp\/v2\/posts\/21589\/revisions"}],"predecessor-version":[{"id":21590,"href":"https:\/\/zonaroja.com.mx\/index.php?rest_route=\/wp\/v2\/posts\/21589\/revisions\/21590"}],"wp:featuredmedia":[{"embeddable":true,"href":"https:\/\/zonaroja.com.mx\/index.php?rest_route=\/wp\/v2\/media\/21588"}],"wp:attachment":[{"href":"https:\/\/zonaroja.com.mx\/index.php?rest_route=%2Fwp%2Fv2%2Fmedia&parent=21589"}],"wp:term":[{"taxonomy":"category","embeddable":true,"href":"https:\/\/zonaroja.com.mx\/index.php?rest_route=%2Fwp%2Fv2%2Fcategories&post=21589"},{"taxonomy":"post_tag","embeddable":true,"href":"https:\/\/zonaroja.com.mx\/index.php?rest_route=%2Fwp%2Fv2%2Ftags&post=21589"}],"curies":[{"name":"wp","href":"https:\/\/api.w.org\/{rel}","templated":true}]}}