{"id":21591,"date":"2020-12-23T21:21:56","date_gmt":"2020-12-24T03:21:56","guid":{"rendered":"http:\/\/www.zonaroja.com.mx\/?p=21591"},"modified":"2020-12-23T21:22:00","modified_gmt":"2020-12-24T03:22:00","slug":"instalan-en-tuxtepec-filtros-para-detectar-covid-19-en-terminal-de-autobuses","status":"publish","type":"post","link":"https:\/\/zonaroja.com.mx\/?p=21591","title":{"rendered":"Instalan en Tuxtepec filtros para detectar Covid-19 en terminal de autobuses"},"content":{"rendered":"\n<p>Yuridiana Sosa\/Zona&nbsp; Roja.<\/p>\n\n\n\n<p>San Juan Bautista Tuxtepec, Oax., 23 de diciembre de 2020.- Como medida de prevenci\u00f3n y contenci\u00f3n al incremento de casos Covid-19 en la regi\u00f3n de la Cuenca, la jurisdicci\u00f3n Sanitaria n\u00famero 3 de los Servicios de Salud de Oaxaca (SSO) instal\u00f3 nuevos filtros de monitoreo y detecci\u00f3n de contagios en la terminal de autobuses y plazas comerciales.<\/p>\n\n\n\n<p>Luego de un aumento en la ocupaci\u00f3n hospitalaria en las \u00e1reas Covid en esta zona norte del estado, con un aproximado del 50 por ciento de camas ocupadas al corte de este 22 de diciembre, las autoridades sanitarias retomaron algunas estrategias para evitar un repunte mayor de casos a inicios de 2021.<\/p>\n\n\n\n<p>El jefe de la Jurisdicci\u00f3n n\u00famero 3, Mois\u00e9s Montalvo Aspr\u00f3n, indic\u00f3 que en el caso del m\u00f3dulo en la estaci\u00f3n de autobuses ADO se aplicar\u00e1 a los asistentes gel, se les tomar\u00e1 la oxigenaci\u00f3n y realizar\u00e1 un cuestionario a quienes accedan, y las personas que tengan alg\u00fan s\u00edntoma relacionado a Covid-19 ser\u00e1 sometida a una prueba r\u00e1pida, con resultados en 15 minutos.<\/p>\n\n\n\n<p>De ser positiva la prueba, se realizar\u00e1 el seguimiento correspondiente para iniciar con la atenci\u00f3n adecuada; en caso de ser un pasajero que arrib\u00f3, tambi\u00e9n se dar\u00e1 aviso a los ocupantes del autob\u00fas para que inicien los procedimientos correspondientes.<\/p>\n\n\n\n<p>Este ejercicio tambi\u00e9n se aplicar\u00e1 en los centros comerciales m\u00e1s concurridos y mercados p\u00fablicos, pues el crecimiento de la movilidad ciudadana aument\u00f3, as\u00ed como es mayor el riesgo de aumentar la carga viral ante la visita de personas de otros estados, se\u00f1al\u00f3 el m\u00e9dico.<\/p>\n\n\n\n<p>La regi\u00f3n de la Cuenca registra un acumulado de mil 933 casos de covid y 281 defunciones.<\/p>\n","protected":false},"excerpt":{"rendered":"<p>Yuridiana Sosa\/Zona&nbsp; Roja. San Juan Bautista Tuxtepec, Oax., 23 de diciembre de 2020.- Como medida&hellip;<\/p>\n","protected":false},"author":2,"featured_media":21592,"comment_status":"closed","ping_status":"open","sticky":false,"template":"","format":"standard","meta":{"_lmt_disableupdate":"","_lmt_disable":"","_jetpack_memberships_contains_paid_content":false,"footnotes":""},"categories":[109,47],"tags":[1512],"class_list":["post-21591","post","type-post","status-publish","format-standard","has-post-thumbnail","hentry","category-minuto-a-minuto","category-zona-gris","tag-coronavirus-oaxaca"],"jetpack_featured_media_url":"https:\/\/zonaroja.com.mx\/wp-content\/uploads\/2020\/12\/ADO-Tuxtepec.jpg","jetpack_sharing_enabled":true,"_links":{"self":[{"href":"https:\/\/zonaroja.com.mx\/index.php?rest_route=\/wp\/v2\/posts\/21591","targetHints":{"allow":["GET"]}}],"collection":[{"href":"https:\/\/zonaroja.com.mx\/index.php?rest_route=\/wp\/v2\/posts"}],"about":[{"href":"https:\/\/zonaroja.com.mx\/index.php?rest_route=\/wp\/v2\/types\/post"}],"author":[{"embeddable":true,"href":"https:\/\/zonaroja.com.mx\/index.php?rest_route=\/wp\/v2\/users\/2"}],"replies":[{"embeddable":true,"href":"https:\/\/zonaroja.com.mx\/index.php?rest_route=%2Fwp%2Fv2%2Fcomments&post=21591"}],"version-history":[{"count":1,"href":"https:\/\/zonaroja.com.mx\/index.php?rest_route=\/wp\/v2\/posts\/21591\/revisions"}],"predecessor-version":[{"id":21593,"href":"https:\/\/zonaroja.com.mx\/index.php?rest_route=\/wp\/v2\/posts\/21591\/revisions\/21593"}],"wp:featuredmedia":[{"embeddable":true,"href":"https:\/\/zonaroja.com.mx\/index.php?rest_route=\/wp\/v2\/media\/21592"}],"wp:attachment":[{"href":"https:\/\/zonaroja.com.mx\/index.php?rest_route=%2Fwp%2Fv2%2Fmedia&parent=21591"}],"wp:term":[{"taxonomy":"category","embeddable":true,"href":"https:\/\/zonaroja.com.mx\/index.php?rest_route=%2Fwp%2Fv2%2Fcategories&post=21591"},{"taxonomy":"post_tag","embeddable":true,"href":"https:\/\/zonaroja.com.mx\/index.php?rest_route=%2Fwp%2Fv2%2Ftags&post=21591"}],"curies":[{"name":"wp","href":"https:\/\/api.w.org\/{rel}","templated":true}]}}