{"id":21594,"date":"2020-12-23T21:57:40","date_gmt":"2020-12-24T03:57:40","guid":{"rendered":"http:\/\/www.zonaroja.com.mx\/?p=21594"},"modified":"2020-12-23T21:57:45","modified_gmt":"2020-12-24T03:57:45","slug":"el-45-2-de-victimas-de-covid-en-edades-entre-25-a-44-anos","status":"publish","type":"post","link":"https:\/\/zonaroja.com.mx\/?p=21594","title":{"rendered":"El 45.2% de v\u00edctimas de Covid, en edades entre 25 a 44 a\u00f1os"},"content":{"rendered":"\n<p>Redacci\u00f3n\/Zona Roja.<\/p>\n\n\n\n<p>Oaxaca de Ju\u00e1rez, Oax. 23 de diciembre de 2020.- En Oaxaca, los casos de Covid-19 se concentran con mayor incidencia en las personas de 25 a 44 a\u00f1os, ya que de los 27 mil 314 casos positivos acumulados hasta este 23 de diciembre, 12 mil 363 pertenecen a este grupo, es decir, el 45.2% del total.<\/p>\n\n\n\n<p>Mientras que los \u00edndices de mortalidad se agrupan principalmente en los pacientes de 65 a\u00f1os y m\u00e1s, con 952 decesos, de un global de dos mil 065 fallecimientos acumulados, indic\u00f3 la dependencia Servicios de Salud de Oaxaca (SSO).<\/p>\n\n\n\n<p>Asimismo, detall\u00f3 que este mi\u00e9rcoles, Valles Centrales report\u00f3 un total de 18 mil 650 casos y mil 064 defunciones, Istmo dos mil 414 y 325 muertes, Mixteca dos mil 054 y 184 defunciones, Tuxtepec mil 939 y 281 decesos, Costa mil 395 y 134 fallecimientos, Sierra 862 y 77 v\u00edctimas fatales; por lo que hay 756 pacientes con la enfermedad en etapa activa en todo el estado.<\/p>\n\n\n\n<p>Con lo anterior, la ocupaci\u00f3n de camas generales se reporta en 49.1% y de terapia intensiva en 26.5%, a\u00f1adi\u00f3 el funcionario.<\/p>\n\n\n\n<p>Por otro lado, dijo, al d\u00eda de hoy hay un global de 43 mil 422 notificaciones, cuatro mil 067 casos sospechosos y 24 mil 505 personas recuperadas.<\/p>\n\n\n\n<figure class=\"wp-block-embed-twitter wp-block-embed is-type-rich is-provider-twitter\"><div class=\"wp-block-embed__wrapper\">\n<div class=\"twitter-tweet\"><blockquote class=\"twitter-tweet\" data-lang=\"es\"><p lang=\"es\" dir=\"ltr\"><a href=\"https:\/\/twitter.com\/hashtag\/%C3%9AltimoMinuto?src=hash&amp;ref_src=twsrc%5Etfw\">#\u00daltimoMinuto<\/a><br>En el caso de <a href=\"https:\/\/twitter.com\/hashtag\/Oaxaca?src=hash&amp;ref_src=twsrc%5Etfw\">#Oaxaca<\/a>, de acuerdo con los Servicios de Salud, este mi\u00e9rcoles se registraron ocho fallecimientos por Covid, para un total de dos mil 65 decesos; adem\u00e1s, 133 casos positivos, que dan un acumulado de 27 mil 314.<a href=\"https:\/\/twitter.com\/hashtag\/Qu%C3%A9dateEnCasa?src=hash&amp;ref_src=twsrc%5Etfw\">#Qu\u00e9dateEnCasa<\/a> <a href=\"https:\/\/t.co\/jmyeQnrrEJ\">pic.twitter.com\/jmyeQnrrEJ<\/a><\/p>&mdash; Zona Roja Oaxaca (@MexRoja) <a href=\"https:\/\/twitter.com\/MexRoja\/status\/1341932225395351553?ref_src=twsrc%5Etfw\">24 de diciembre de 2020<\/a><\/blockquote><\/div>\n<\/div><\/figure>\n\n\n\n<p>Enfatiz\u00f3 que son 45 municipios los que presentaron casos nuevos, para un total de 133 pacientes, principalmente en: Oaxaca de Ju\u00e1rez con 37, Heroica Ciudad de Huajuapan de Le\u00f3n con 10, Santa Luc\u00eda del Camino con nueve, Santa Cruz Xoxocotl\u00e1n con siete, y San Juan Bautista Tuxtepec con seis. Asimismo, por primera vez Santa Mar\u00eda Temaxcalapa notific\u00f3 un contagio.<\/p>\n\n\n\n<p>Mencion\u00f3 que del personal de salud que ha dado positivo a Covid-19, mil 082 son m\u00e9dicos, mil 373 es personal de enfermer\u00eda y mil 163 de otros perfiles.<\/p>\n\n\n\n<p>Detall\u00f3 que del global de las y los oaxaque\u00f1os que enfermaron a causa del padecimiento, 12 mil 681 son mujeres y 14 mil 633 hombres; asimismo, el 18% han requerido atenci\u00f3n hospitalaria y el 82% han cursado la patolog\u00eda en aislamiento domiciliario.<\/p>\n\n\n\n<p>Ante la v\u00edspera de la celebraci\u00f3n de la Nochebuena, la Navidad y el a\u00f1o nuevo, &nbsp;llam\u00f3 a la prudencia, a la mesura y a la solidaridad para quedarse en casa y evitar el incremento de casos del SARS-CoV-2 en la entidad, \u201centre m\u00e1s nos movilicemos, vamos a favorecer la expansi\u00f3n de la epidemia\u201d.<\/p>\n\n\n\n<p>Por lo que, advirti\u00f3, no se debe bajar la guardia en las medidas de protecci\u00f3n, y evitar realizar celebraciones o reuniones familiares o de amistades, as\u00ed como salidas innecesarias, ya que pueden poder en riesgo lo m\u00e1s importante que es la salud y vida, concluy\u00f3.<\/p>\n","protected":false},"excerpt":{"rendered":"<p>Redacci\u00f3n\/Zona Roja. Oaxaca de Ju\u00e1rez, Oax. 23 de diciembre de 2020.- En Oaxaca, los casos&hellip;<\/p>\n","protected":false},"author":2,"featured_media":21595,"comment_status":"closed","ping_status":"open","sticky":false,"template":"","format":"standard","meta":{"_lmt_disableupdate":"","_lmt_disable":"","_jetpack_memberships_contains_paid_content":false,"footnotes":""},"categories":[109,47],"tags":[1512],"class_list":["post-21594","post","type-post","status-publish","format-standard","has-post-thumbnail","hentry","category-minuto-a-minuto","category-zona-gris","tag-coronavirus-oaxaca"],"jetpack_featured_media_url":"https:\/\/zonaroja.com.mx\/wp-content\/uploads\/2020\/12\/2.jpeg","jetpack_sharing_enabled":true,"_links":{"self":[{"href":"https:\/\/zonaroja.com.mx\/index.php?rest_route=\/wp\/v2\/posts\/21594","targetHints":{"allow":["GET"]}}],"collection":[{"href":"https:\/\/zonaroja.com.mx\/index.php?rest_route=\/wp\/v2\/posts"}],"about":[{"href":"https:\/\/zonaroja.com.mx\/index.php?rest_route=\/wp\/v2\/types\/post"}],"author":[{"embeddable":true,"href":"https:\/\/zonaroja.com.mx\/index.php?rest_route=\/wp\/v2\/users\/2"}],"replies":[{"embeddable":true,"href":"https:\/\/zonaroja.com.mx\/index.php?rest_route=%2Fwp%2Fv2%2Fcomments&post=21594"}],"version-history":[{"count":1,"href":"https:\/\/zonaroja.com.mx\/index.php?rest_route=\/wp\/v2\/posts\/21594\/revisions"}],"predecessor-version":[{"id":21596,"href":"https:\/\/zonaroja.com.mx\/index.php?rest_route=\/wp\/v2\/posts\/21594\/revisions\/21596"}],"wp:featuredmedia":[{"embeddable":true,"href":"https:\/\/zonaroja.com.mx\/index.php?rest_route=\/wp\/v2\/media\/21595"}],"wp:attachment":[{"href":"https:\/\/zonaroja.com.mx\/index.php?rest_route=%2Fwp%2Fv2%2Fmedia&parent=21594"}],"wp:term":[{"taxonomy":"category","embeddable":true,"href":"https:\/\/zonaroja.com.mx\/index.php?rest_route=%2Fwp%2Fv2%2Fcategories&post=21594"},{"taxonomy":"post_tag","embeddable":true,"href":"https:\/\/zonaroja.com.mx\/index.php?rest_route=%2Fwp%2Fv2%2Ftags&post=21594"}],"curies":[{"name":"wp","href":"https:\/\/api.w.org\/{rel}","templated":true}]}}