{"id":21600,"date":"2020-12-24T07:48:51","date_gmt":"2020-12-24T13:48:51","guid":{"rendered":"http:\/\/www.zonaroja.com.mx\/?p=21600"},"modified":"2020-12-24T07:48:55","modified_gmt":"2020-12-24T13:48:55","slug":"hallan-a-individuo-ejecutado-en-interior-de-su-vehiculo-en-el-istmo","status":"publish","type":"post","link":"https:\/\/zonaroja.com.mx\/?p=21600","title":{"rendered":"Hallan a individuo ejecutado en interior de su veh\u00edculo, en el Istmo"},"content":{"rendered":"\n<p>Redacci\u00f3n\/Zona Roja.<\/p>\n\n\n\n<p>Oaxaca de Ju\u00e1rez, Oax., 24 de diciembre de 2020.- Personal de la Vicefiscal\u00eda Regional del Ismo confirm\u00f3 la localizaci\u00f3n de un cuerpo sin vida, con signos de ejecuci\u00f3n por disparos de arma de fuego, en el municipio de Reforma de Pineda.<\/p>\n\n\n\n<p>De acuerdo con los datos, fue en un camino de terracer\u00eda que conduce hacia la carretera federal 190, en inmediaciones del basurero municipal, en que se hall\u00f3 la tarde del martes una camioneta marca Nissan, tipo Murano, con placas de circulaci\u00f3n HE-2977 del estado de Hidalgo.<\/p>\n\n\n\n<p>En su interior se hall\u00f3 el cuerpo, en estado de putrefacci\u00f3n, y con varios disparos de arma de fuego.<\/p>\n\n\n\n<p>Hasta el momento, de acuerdo con la Vicefiscal\u00eda Regional, no hay datos que identifiquen a la persona asesinada; tras ello, inici\u00f3 la Carpeta de Investigaci\u00f3n correspondiente a fin de indagar los hechos y deslindar responsabilidades.<\/p>\n","protected":false},"excerpt":{"rendered":"<p>Redacci\u00f3n\/Zona Roja. Oaxaca de Ju\u00e1rez, Oax., 24 de diciembre de 2020.- Personal de la Vicefiscal\u00eda&hellip;<\/p>\n","protected":false},"author":2,"featured_media":21601,"comment_status":"closed","ping_status":"open","sticky":false,"template":"","format":"standard","meta":{"_lmt_disableupdate":"","_lmt_disable":"","_jetpack_memberships_contains_paid_content":false,"footnotes":""},"categories":[109,51],"tags":[1208],"class_list":["post-21600","post","type-post","status-publish","format-standard","has-post-thumbnail","hentry","category-minuto-a-minuto","category-zona-roja","tag-reforma-de-pineda"],"jetpack_featured_media_url":"https:\/\/zonaroja.com.mx\/wp-content\/uploads\/2020\/12\/Ejecutado-Reforma.png","jetpack_sharing_enabled":true,"_links":{"self":[{"href":"https:\/\/zonaroja.com.mx\/index.php?rest_route=\/wp\/v2\/posts\/21600","targetHints":{"allow":["GET"]}}],"collection":[{"href":"https:\/\/zonaroja.com.mx\/index.php?rest_route=\/wp\/v2\/posts"}],"about":[{"href":"https:\/\/zonaroja.com.mx\/index.php?rest_route=\/wp\/v2\/types\/post"}],"author":[{"embeddable":true,"href":"https:\/\/zonaroja.com.mx\/index.php?rest_route=\/wp\/v2\/users\/2"}],"replies":[{"embeddable":true,"href":"https:\/\/zonaroja.com.mx\/index.php?rest_route=%2Fwp%2Fv2%2Fcomments&post=21600"}],"version-history":[{"count":1,"href":"https:\/\/zonaroja.com.mx\/index.php?rest_route=\/wp\/v2\/posts\/21600\/revisions"}],"predecessor-version":[{"id":21602,"href":"https:\/\/zonaroja.com.mx\/index.php?rest_route=\/wp\/v2\/posts\/21600\/revisions\/21602"}],"wp:featuredmedia":[{"embeddable":true,"href":"https:\/\/zonaroja.com.mx\/index.php?rest_route=\/wp\/v2\/media\/21601"}],"wp:attachment":[{"href":"https:\/\/zonaroja.com.mx\/index.php?rest_route=%2Fwp%2Fv2%2Fmedia&parent=21600"}],"wp:term":[{"taxonomy":"category","embeddable":true,"href":"https:\/\/zonaroja.com.mx\/index.php?rest_route=%2Fwp%2Fv2%2Fcategories&post=21600"},{"taxonomy":"post_tag","embeddable":true,"href":"https:\/\/zonaroja.com.mx\/index.php?rest_route=%2Fwp%2Fv2%2Ftags&post=21600"}],"curies":[{"name":"wp","href":"https:\/\/api.w.org\/{rel}","templated":true}]}}