{"id":21603,"date":"2020-12-24T08:06:37","date_gmt":"2020-12-24T14:06:37","guid":{"rendered":"http:\/\/www.zonaroja.com.mx\/?p=21603"},"modified":"2020-12-24T08:06:43","modified_gmt":"2020-12-24T14:06:43","slug":"conforman-alianza-morena-pt-y-pvem-amlo-descalifica-union-pan-prd-pri","status":"publish","type":"post","link":"https:\/\/zonaroja.com.mx\/?p=21603","title":{"rendered":"Conforman alianza Morena, PT y PVEM; AMLO descalifica uni\u00f3n PAN-PRD-PRI"},"content":{"rendered":"\n<p>Redacci\u00f3n\/Zona Roja Cdmx.<\/p>\n\n\n\n<p>Ciudad de M\u00e9xico, 24 de diciembre de 2020.- Mientras el Presidente Andr\u00e9s Manuel L\u00f3pez Obrador descalifica la alianza PAN-PRD-PRI, los partidos Morena, del Trabajo y Verde Ecologista de M\u00e9xico anunciaron ayer su alianza electoral.<\/p>\n\n\n\n<p>La alianza \u201cJuntos Hacemos Historia\u201d, conformada por Morena, el Partido del Trabajo (PT) y el Partido Verde Ecologista de M\u00e9xico (PVEM), disputar\u00e1 con \u201cVa por M\u00e9xico\u201d (Acci\u00f3n Nacional, PRI y PRD) la mayor\u00eda en la C\u00e1mara de Diputados, que se renovar\u00e1 en 2021.<\/p>\n\n\n\n<p>Ambos bloques registraron, ayer, sus coaliciones ante el INE. Un conflicto se suscit\u00f3 porque existen distritos donde el PT postul\u00f3 diputados que, despu\u00e9s, se sumaron a la bancada de Morena.<\/p>\n\n\n\n<p>Por ello, ambas fuerzas pelean su derecho a asignarse esos distritos. Mario Delgado, presidente de Morena, aclar\u00f3 que las diferencias no ponen en riesgo el convenio de coalici\u00f3n que implicar\u00e1 aproximadamente 150 distritos.<\/p>\n\n\n\n<p>DESCALIFICACI\u00d3N PRESIDENCIAL<\/p>\n\n\n\n<p>Seg\u00fan el Presidente de M\u00e9xico, los partidos pol\u00edticos PAN-PRd y PRI \u201cson un agrupamiento conservador\u201d y se quitan la m\u00e1scara&nbsp; para defender el r\u00e9gimen de privilegios que mantuvieron en el pasado a costa de la pobreza de millones de mexicanos.<\/p>\n\n\n\n<p>En la conferencia \u201cma\u00f1anera\u201d, estim\u00f3 que si bien es leg\u00edtima su alianza, lo \u00fanico que buscan es quitarle el presupuesto a los m\u00e1s pobres de M\u00e9xico.<\/p>\n\n\n\n<p>\u201cLo que quieren, lo que m\u00e1s les importa, es quitarnos el presupuesto. Para decirlo con m\u00e1s claridad, quitarles el presupuesto a los pobres. Lo dem\u00e1s es secundario, qui\u00e9n gana una gubernatura, qui\u00e9n gana los ayuntamientos, qui\u00e9n tiene mayor\u00eda en los congresos locales.<\/p>\n\n\n\n<p>\u201cLo que les importa, adem\u00e1s &#8211;ellos mismos lo han expresado&#8211;, es que no tengamos &#8211;quienes apoyan al gobierno, quienes est\u00e1n llevando a cabo la transformaci\u00f3n&#8211; que no tengamos una representaci\u00f3n mayoritaria en la C\u00e1mara de Diputados\u201d, reproch\u00f3.<\/p>\n","protected":false},"excerpt":{"rendered":"<p>Redacci\u00f3n\/Zona Roja Cdmx. Ciudad de M\u00e9xico, 24 de diciembre de 2020.- Mientras el Presidente Andr\u00e9s&hellip;<\/p>\n","protected":false},"author":2,"featured_media":21604,"comment_status":"closed","ping_status":"open","sticky":false,"template":"","format":"standard","meta":{"_lmt_disableupdate":"","_lmt_disable":"","_jetpack_memberships_contains_paid_content":false,"footnotes":""},"categories":[109,47],"tags":[2313],"class_list":["post-21603","post","type-post","status-publish","format-standard","has-post-thumbnail","hentry","category-minuto-a-minuto","category-zona-gris","tag-alianza-juntos-hacemos-historia"],"jetpack_featured_media_url":"https:\/\/zonaroja.com.mx\/wp-content\/uploads\/2020\/12\/Alianza-Juntos-Hacemos-Historia.jpg","jetpack_sharing_enabled":true,"_links":{"self":[{"href":"https:\/\/zonaroja.com.mx\/index.php?rest_route=\/wp\/v2\/posts\/21603","targetHints":{"allow":["GET"]}}],"collection":[{"href":"https:\/\/zonaroja.com.mx\/index.php?rest_route=\/wp\/v2\/posts"}],"about":[{"href":"https:\/\/zonaroja.com.mx\/index.php?rest_route=\/wp\/v2\/types\/post"}],"author":[{"embeddable":true,"href":"https:\/\/zonaroja.com.mx\/index.php?rest_route=\/wp\/v2\/users\/2"}],"replies":[{"embeddable":true,"href":"https:\/\/zonaroja.com.mx\/index.php?rest_route=%2Fwp%2Fv2%2Fcomments&post=21603"}],"version-history":[{"count":1,"href":"https:\/\/zonaroja.com.mx\/index.php?rest_route=\/wp\/v2\/posts\/21603\/revisions"}],"predecessor-version":[{"id":21605,"href":"https:\/\/zonaroja.com.mx\/index.php?rest_route=\/wp\/v2\/posts\/21603\/revisions\/21605"}],"wp:featuredmedia":[{"embeddable":true,"href":"https:\/\/zonaroja.com.mx\/index.php?rest_route=\/wp\/v2\/media\/21604"}],"wp:attachment":[{"href":"https:\/\/zonaroja.com.mx\/index.php?rest_route=%2Fwp%2Fv2%2Fmedia&parent=21603"}],"wp:term":[{"taxonomy":"category","embeddable":true,"href":"https:\/\/zonaroja.com.mx\/index.php?rest_route=%2Fwp%2Fv2%2Fcategories&post=21603"},{"taxonomy":"post_tag","embeddable":true,"href":"https:\/\/zonaroja.com.mx\/index.php?rest_route=%2Fwp%2Fv2%2Ftags&post=21603"}],"curies":[{"name":"wp","href":"https:\/\/api.w.org\/{rel}","templated":true}]}}