{"id":21606,"date":"2020-12-24T08:08:38","date_gmt":"2020-12-24T14:08:38","guid":{"rendered":"http:\/\/www.zonaroja.com.mx\/?p=21606"},"modified":"2020-12-24T11:40:52","modified_gmt":"2020-12-24T17:40:52","slug":"confirman-dos-muertos-a-balazos-en-textitlan-por-gente-de-xochiltepec","status":"publish","type":"post","link":"https:\/\/zonaroja.com.mx\/?p=21606","title":{"rendered":"Confirman dos muertos a balazos en Textitl\u00e1n, por gente de Xochiltepec"},"content":{"rendered":"\n<p class=\"MsoNormal\">Yuridiana Sosa\/Zona Roja. <\/p>\n\n\n\n<p class=\"MsoNormal\">Oaxaca de Ju\u00e1rez, Oax., 24 de diciembre de 2020.- Autoridades municipales de Santiago Textitl\u00e1n, en la Sierra Sur, confirmaron que dos pobladores de su comunidad fueron asesinados por el ataque armado de sus vecinos de Santiago Xochiltepec.<\/p>\n\n\n\n<p class=\"MsoNormal\">El presidente municipal de Textitl\u00e1n, F\u00e9lix V\u00e1squez Hern\u00e1ndez, se\u00f1al\u00f3 que varias semanas antes de los hechos violentos, le advirti\u00f3 a la Secretar\u00eda General de Gobierno de otras agresiones recibidas, lo que podr\u00eda detonar en sucesos lamentables.<\/p>\n\n\n\n<p class=\"MsoNormal\">As\u00ed tambi\u00e9n demand\u00f3 desde hace varias semanas la presencia de elementos de la Polic\u00eda Estatal de forma permanente, y de ser posible recibir tambi\u00e9n el apoyo de la Guardia Nacional, pero la Segego minimiz\u00f3 los hechos.<\/p>\n\n\n\n<p class=\"MsoNormal\">El saldo de la agresi\u00f3n, la cual aseguran los pobladores de Textitl\u00e1n iniciaron sus vecinos de la agencia de Xochiltepec, es de dos pobladores muertos en la agencia R\u00edo Santiago, uno <a href=\"\/\/1\">el domingo 21<\/a> y otro el lunes 21, quienes fueron identificados como Germ\u00e1n Salinas Mart\u00ednez y Agust\u00edn L\u00f3pez Guill\u00e9n. <\/p>\n\n\n\n<p class=\"MsoNormal\">El edil dio a conocer que Textitl\u00e1n ha sufrido la p\u00e9rdida de pobladores por ataque de Xochiltepec desde 1994, cuando en el mes de julio fueron v\u00edctimas de otro hecho violento, con el saldo de un habitante fallecido, as\u00ed como en julio de 2015 y 2018.&nbsp;<\/p>\n\n\n\n<p class=\"MsoNormal\">El m\u00e1s reciente l\u00edo, dijo el presidente, no se trata de disputa de terrenos a pesar que vecinos de Xochiltepec han invadido cerca de cinco hect\u00e1reas, sino de la exigencia de la entrega de recursos econ\u00f3mico en efectivo para ser administrados por el mismo pueblo, cuando las leyes no permiten esa situaci\u00f3n.<\/p>\n\n\n\n<p class=\"MsoNormal\">V\u00e1squez Hern\u00e1ndez asegur\u00f3 que en el trienio pasado Santiago Xochiltepec no comprob\u00f3 el dinero que recibi\u00f3 de los ramos 28 y 33, mientras que este a\u00f1o tambi\u00e9n quiere un aumento, por lo que la autoridad municipal no accedi\u00f3.<\/p>\n\n\n\n<p class=\"MsoNormal\">El domingo pasado, ante la llegada de cuatro elementos de la Polic\u00eda Estatal al municipio, habitantes de Xochiltepec comenzaron a realizar disparos, logrando que los elementos se replegaran.<\/p>\n\n\n\n<p class=\"MsoNormal\">Por otra parte, habitantes de la agencia de R\u00edo Santiago, la m\u00e1s afectada en la agresi\u00f3n, exigieron desde su comunidad la intervenci\u00f3n inmediata de la Secretar\u00eda General de Gobierno, a quien tambi\u00e9n reclamaron por la omisi\u00f3n en cada ataque.<\/p>\n\n\n\n<p class=\"MsoNormal\">Los abuelos, ni\u00f1os, madres de familia y mujeres embarazadas desalojadas de sus hogares exigen a la Fiscal\u00eda General del Estado y al gobierno del estado, justicia y la estabilidad inmediata del orden en la comunidad para regresar a sus casas.<\/p>\n","protected":false},"excerpt":{"rendered":"<p>Yuridiana Sosa\/Zona Roja. Oaxaca de Ju\u00e1rez, Oax., 24 de diciembre de 2020.- Autoridades municipales de&hellip;<\/p>\n","protected":false},"author":2,"featured_media":21607,"comment_status":"closed","ping_status":"open","sticky":false,"template":"","format":"standard","meta":{"_lmt_disableupdate":"","_lmt_disable":"","_jetpack_memberships_contains_paid_content":false,"footnotes":""},"categories":[109,51],"tags":[1980,2307],"class_list":["post-21606","post","type-post","status-publish","format-standard","has-post-thumbnail","hentry","category-minuto-a-minuto","category-zona-roja","tag-santiago-textitlan","tag-santiago-xochiltepec"],"jetpack_featured_media_url":"https:\/\/zonaroja.com.mx\/wp-content\/uploads\/2020\/12\/Balazos-Rio-Hondo-Textitlan.jpg","jetpack_sharing_enabled":true,"_links":{"self":[{"href":"https:\/\/zonaroja.com.mx\/index.php?rest_route=\/wp\/v2\/posts\/21606","targetHints":{"allow":["GET"]}}],"collection":[{"href":"https:\/\/zonaroja.com.mx\/index.php?rest_route=\/wp\/v2\/posts"}],"about":[{"href":"https:\/\/zonaroja.com.mx\/index.php?rest_route=\/wp\/v2\/types\/post"}],"author":[{"embeddable":true,"href":"https:\/\/zonaroja.com.mx\/index.php?rest_route=\/wp\/v2\/users\/2"}],"replies":[{"embeddable":true,"href":"https:\/\/zonaroja.com.mx\/index.php?rest_route=%2Fwp%2Fv2%2Fcomments&post=21606"}],"version-history":[{"count":2,"href":"https:\/\/zonaroja.com.mx\/index.php?rest_route=\/wp\/v2\/posts\/21606\/revisions"}],"predecessor-version":[{"id":21612,"href":"https:\/\/zonaroja.com.mx\/index.php?rest_route=\/wp\/v2\/posts\/21606\/revisions\/21612"}],"wp:featuredmedia":[{"embeddable":true,"href":"https:\/\/zonaroja.com.mx\/index.php?rest_route=\/wp\/v2\/media\/21607"}],"wp:attachment":[{"href":"https:\/\/zonaroja.com.mx\/index.php?rest_route=%2Fwp%2Fv2%2Fmedia&parent=21606"}],"wp:term":[{"taxonomy":"category","embeddable":true,"href":"https:\/\/zonaroja.com.mx\/index.php?rest_route=%2Fwp%2Fv2%2Fcategories&post=21606"},{"taxonomy":"post_tag","embeddable":true,"href":"https:\/\/zonaroja.com.mx\/index.php?rest_route=%2Fwp%2Fv2%2Ftags&post=21606"}],"curies":[{"name":"wp","href":"https:\/\/api.w.org\/{rel}","templated":true}]}}