{"id":21609,"date":"2020-12-24T08:15:20","date_gmt":"2020-12-24T14:15:20","guid":{"rendered":"http:\/\/www.zonaroja.com.mx\/?p=21609"},"modified":"2020-12-24T08:15:24","modified_gmt":"2020-12-24T14:15:24","slug":"distingue-el-sentido-humano-labor-del-poder-judicial-de-oaxaca-pinacho-sanchez","status":"publish","type":"post","link":"https:\/\/zonaroja.com.mx\/?p=21609","title":{"rendered":"Distingue el sentido humano labor del Poder Judicial de Oaxaca: Pinacho S\u00e1nchez"},"content":{"rendered":"\n<p>Redacci\u00f3n\/Zona Roja.<\/p>\n\n\n\n<p>Oaxaca de Ju\u00e1rez, Oax., 24 de diciembre de 2020.- El magistrado presidente del Tribunal Superior de Justicia y del Consejo de la Judicatura, Eduardo Pinacho S\u00e1nchez, afirm\u00f3 que la tarea inmanente del Poder Judicial es la preservaci\u00f3n del Estado de Derecho y la impartici\u00f3n de justicia, una labor que debe ser ejercida y garantizada en los mejores tiempos, pero tambi\u00e9n en momentos de crisis o adversidad.<\/p>\n\n\n\n<p>Destac\u00f3 que ante la compleja contingencia derivada de la pandemia del Covid-19, situaci\u00f3n que present\u00f3 serios desaf\u00edos para los sistemas de justicia, la instituci\u00f3n asumi\u00f3 con responsabilidad tal coyuntura y estableci\u00f3 un conjunto de medidas encaminadas a garantizar el acceso a la justicia de todas las personas.<\/p>\n\n\n\n<p>En esta labor, mencion\u00f3 que el Pleno del Consejo de la Judicatura desahog\u00f3 25 sesiones, de ellas nueve en conjunto con el Pleno del Tribunal Superior de Justicia, en las cuales se emitieron diversos acuerdos de los que sobresalen la creaci\u00f3n del Centro de Respuesta Inmediata JusticiaTel; la Unidad de Igualdad de G\u00e9nero; el Programa de Atenci\u00f3n y Contenci\u00f3n Emocional (PACEM), y el \u00e1rea m\u00e9dica para registro y seguimiento de aquellos casos sospechosos y positivos de COVID-19.<\/p>\n\n\n\n<p>Asimismo, el Protocolo para la prevenci\u00f3n de contagios por la Covid-19 para las personas servidoras p\u00fablicas en el Estado de Oaxaca; la recepci\u00f3n de demandas y promociones mediante cita electr\u00f3nica, a trav\u00e9s de buzones de recepci\u00f3n y el programa piloto de digitalizaci\u00f3n de documentos para la integraci\u00f3n del expediente electr\u00f3nico en materias familiar, civil y penal.<\/p>\n\n\n\n<p>En entrevista en la que abord\u00f3 los principales logros en este primer a\u00f1o de su administraci\u00f3n, el magistrado Pinacho S\u00e1nchez detall\u00f3 que ha sostenido tambi\u00e9n reuniones con juezas y jueces de todo el estado para sensibilizarlos en el tema de la atenci\u00f3n a la sociedad, al ser la justicia con sentido humano, el di\u00e1logo para transformar el servicio p\u00fablico y la modernizaci\u00f3n, ejes prioritarios en su administraci\u00f3n.<\/p>\n\n\n\n<p>Por otra parte, conjuntamente con el Secretariado Ejecutivo del Sistema Estatal de Seguridad P\u00fablica del Estado (SESESP) y representantes del Consejo Nacional para Prevenir la Discriminaci\u00f3n (Conapred), del Instituto Nacional de las Mujeres (Inmujeres), de la Secretar\u00eda de Seguridad P\u00fablica (SSPO) y del Centro de Reeducaci\u00f3n para Hombres que ejercen Violencia contra las Mujeres (CREHVM), se realiza la revisi\u00f3n de acciones y dise\u00f1o de pol\u00edticas para incursionar en medidas que promuevan el trato igualitario entre hombres y mujeres.<\/p>\n\n\n\n<p>Para consultar a detalle los logros y avances en el primer a\u00f1o de administraci\u00f3n del magistrado Eduardo Pinacho S\u00e1nchez, se encuentra disponible en el portal web institucional www.tribunaloaxaca.gob.mx el texto del Informe de Actividades 2020, en formato digital.<\/p>\n","protected":false},"excerpt":{"rendered":"<p>Redacci\u00f3n\/Zona Roja. Oaxaca de Ju\u00e1rez, Oax., 24 de diciembre de 2020.- El magistrado presidente del&hellip;<\/p>\n","protected":false},"author":2,"featured_media":21610,"comment_status":"closed","ping_status":"open","sticky":false,"template":"","format":"standard","meta":{"_lmt_disableupdate":"","_lmt_disable":"","_jetpack_memberships_contains_paid_content":false,"footnotes":""},"categories":[109,46],"tags":[223],"class_list":["post-21609","post","type-post","status-publish","format-standard","has-post-thumbnail","hentry","category-minuto-a-minuto","category-zona-blanca","tag-poder-judicial-de-oaxaca"],"jetpack_featured_media_url":"https:\/\/zonaroja.com.mx\/wp-content\/uploads\/2020\/12\/2PROYECTO-DIGITALIZACION-TSJ.jpg","jetpack_sharing_enabled":true,"_links":{"self":[{"href":"https:\/\/zonaroja.com.mx\/index.php?rest_route=\/wp\/v2\/posts\/21609","targetHints":{"allow":["GET"]}}],"collection":[{"href":"https:\/\/zonaroja.com.mx\/index.php?rest_route=\/wp\/v2\/posts"}],"about":[{"href":"https:\/\/zonaroja.com.mx\/index.php?rest_route=\/wp\/v2\/types\/post"}],"author":[{"embeddable":true,"href":"https:\/\/zonaroja.com.mx\/index.php?rest_route=\/wp\/v2\/users\/2"}],"replies":[{"embeddable":true,"href":"https:\/\/zonaroja.com.mx\/index.php?rest_route=%2Fwp%2Fv2%2Fcomments&post=21609"}],"version-history":[{"count":1,"href":"https:\/\/zonaroja.com.mx\/index.php?rest_route=\/wp\/v2\/posts\/21609\/revisions"}],"predecessor-version":[{"id":21611,"href":"https:\/\/zonaroja.com.mx\/index.php?rest_route=\/wp\/v2\/posts\/21609\/revisions\/21611"}],"wp:featuredmedia":[{"embeddable":true,"href":"https:\/\/zonaroja.com.mx\/index.php?rest_route=\/wp\/v2\/media\/21610"}],"wp:attachment":[{"href":"https:\/\/zonaroja.com.mx\/index.php?rest_route=%2Fwp%2Fv2%2Fmedia&parent=21609"}],"wp:term":[{"taxonomy":"category","embeddable":true,"href":"https:\/\/zonaroja.com.mx\/index.php?rest_route=%2Fwp%2Fv2%2Fcategories&post=21609"},{"taxonomy":"post_tag","embeddable":true,"href":"https:\/\/zonaroja.com.mx\/index.php?rest_route=%2Fwp%2Fv2%2Ftags&post=21609"}],"curies":[{"name":"wp","href":"https:\/\/api.w.org\/{rel}","templated":true}]}}