{"id":21614,"date":"2020-12-24T16:09:48","date_gmt":"2020-12-24T22:09:48","guid":{"rendered":"https:\/\/www.zonaroja.com.mx\/?p=21614"},"modified":"2020-12-24T16:12:53","modified_gmt":"2020-12-24T22:12:53","slug":"exige-fpr-castigo-a-los-autores-intelectuales-del-asesinato-de-tomas-martinez","status":"publish","type":"post","link":"https:\/\/zonaroja.com.mx\/?p=21614","title":{"rendered":"Exige FPR castigo a los autores intelectuales del asesinato de Tom\u00e1s Mart\u00ednez"},"content":{"rendered":"\n<p class=\"MsoNormal\">Evlin Arag\u00f3n\/Zona Roja. <\/p>\n\n\n\n<p class=\"MsoNormal\">Oaxaca de Ju\u00e1rez, Oax., 24 de diciembre de 2020.- A cuatro meses del asesinato de Tomas Mart\u00ednez Pinacho, integrantes del Frente Popular Revolucionario (FPR) y organizaciones afines se manifestaron <a href=\"\/\/0\">este jueves<\/a> en la capital de Oaxaca, para exigir justicia por lo hecho violentos que terminaron con la vida del activista social.  <\/p>\n\n\n\n<p class=\"MsoNormal\">Explicaron que, aunque las autoridades de la Fiscal\u00eda General de Justicia del Estado anunciaron la detenci\u00f3n de una persona, como presunto responsable de los hechos, la realidad es que las investigaciones no cuentan con avances significativos. <\/p>\n\n\n\n<p class=\"MsoNormal\">Indicaron que lo anterior habla del doble discurso por parte de quienes gobiernan, que por un lado y bajo la presi\u00f3n de la movilizaci\u00f3n, anuncian acciones para atender la problem\u00e1tica social, y por el otro no hay justicia para castigar a quienes cometen delitos en perjuicio de la poblaci\u00f3n. <\/p>\n\n\n\n<p class=\"MsoNormal\">\u201cHasta el momento solo est\u00e1 la detenci\u00f3n por parte de la Fiscal\u00eda, el proceso se ampli\u00f3 a 4 meses que terminan en febrero\u2026 desgraciadamente no hay mayores avances del caso. Queremos a los responsables intelectuales del asesinato de nuestro compa\u00f1ero Tom\u00e1s\u201d, refirieron integrantes del FPR en conferencia de prensa. <\/p>\n\n\n\n<p class=\"MsoNormal\">Explicaron que la muerte de Tomas Mart\u00ednez es un crimen de Estado, debido a que el activista contaba con medida cautelares y se manten\u00eda en oposici\u00f3n a los mega proyectos, de ah\u00ed que exijan una actuaci\u00f3n pronta y expedita por parte de la dependencia encargada de la procuraci\u00f3n de justicia a quien tambi\u00e9n reclaman el castigo a los autores materiales del asesinato.&nbsp;&nbsp;<\/p>\n\n\n\n<p class=\"MsoNormal\">En este sentido, manifestaron su preocupaci\u00f3n por el alza en homicidios en la entidad, que cuenta con un aproximado de mil 400 casos durante este a\u00f1o, de acuerdo con la organizaci\u00f3n, de ah\u00ed que mantengan la exigencia de justicia para quienes han muerto en medio de la violencia que vive la entidad, bajo la administraci\u00f3n de Alejandro Murat Hinojosa.  <\/p>\n\n\n\n<p class=\"MsoNormal\">\u201cPareciera que en vez de combatirla, el gobierno se al\u00eda con la violencia. De ah\u00ed la necesidad de mantener la movilizaci\u00f3n activa para evitar que la inseguridad siga cobrando la vida de activistas e integrantes de organizaciones sociales\u201d, manifestaron.&nbsp;&nbsp;<\/p>\n\n\n\n<p class=\"MsoNormal\">Hicieron un llamado a las organizaciones sociales para impulsar un frente com\u00fan que exija mayor seguridad, justicia y atenci\u00f3n de las problem\u00e1ticas sociales y econ\u00f3micas que enfrentan los pueblos de Oaxaca y sus habitantes.  <\/p>\n\n\n\n<p class=\"MsoNormal\">\u201cEl 2020 ha sido uno de los peores a\u00f1os para la clase trabajadora y los pueblos de Oaxaca, la crisis econ\u00f3mica, sanitaria y social debido al mal actuar de las autoridades de los tres \u00f3rdenes de gobierno\u201d, concluyeron. <\/p>\n","protected":false},"excerpt":{"rendered":"<p>Evlin Arag\u00f3n\/Zona Roja. Oaxaca de Ju\u00e1rez, Oax., 24 de diciembre de 2020.- A cuatro meses&hellip;<\/p>\n","protected":false},"author":2,"featured_media":21613,"comment_status":"closed","ping_status":"open","sticky":false,"template":"","format":"standard","meta":{"_lmt_disableupdate":"","_lmt_disable":"","_jetpack_memberships_contains_paid_content":false,"footnotes":""},"categories":[109,47],"tags":[1687],"class_list":["post-21614","post","type-post","status-publish","format-standard","has-post-thumbnail","hentry","category-minuto-a-minuto","category-zona-gris","tag-frente-popular-revolucionario-fpr"],"jetpack_featured_media_url":"https:\/\/zonaroja.com.mx\/wp-content\/uploads\/2020\/12\/642babb5-bcab-409e-93f2-03a487413087.jpg","jetpack_sharing_enabled":true,"_links":{"self":[{"href":"https:\/\/zonaroja.com.mx\/index.php?rest_route=\/wp\/v2\/posts\/21614","targetHints":{"allow":["GET"]}}],"collection":[{"href":"https:\/\/zonaroja.com.mx\/index.php?rest_route=\/wp\/v2\/posts"}],"about":[{"href":"https:\/\/zonaroja.com.mx\/index.php?rest_route=\/wp\/v2\/types\/post"}],"author":[{"embeddable":true,"href":"https:\/\/zonaroja.com.mx\/index.php?rest_route=\/wp\/v2\/users\/2"}],"replies":[{"embeddable":true,"href":"https:\/\/zonaroja.com.mx\/index.php?rest_route=%2Fwp%2Fv2%2Fcomments&post=21614"}],"version-history":[{"count":1,"href":"https:\/\/zonaroja.com.mx\/index.php?rest_route=\/wp\/v2\/posts\/21614\/revisions"}],"predecessor-version":[{"id":21615,"href":"https:\/\/zonaroja.com.mx\/index.php?rest_route=\/wp\/v2\/posts\/21614\/revisions\/21615"}],"wp:featuredmedia":[{"embeddable":true,"href":"https:\/\/zonaroja.com.mx\/index.php?rest_route=\/wp\/v2\/media\/21613"}],"wp:attachment":[{"href":"https:\/\/zonaroja.com.mx\/index.php?rest_route=%2Fwp%2Fv2%2Fmedia&parent=21614"}],"wp:term":[{"taxonomy":"category","embeddable":true,"href":"https:\/\/zonaroja.com.mx\/index.php?rest_route=%2Fwp%2Fv2%2Fcategories&post=21614"},{"taxonomy":"post_tag","embeddable":true,"href":"https:\/\/zonaroja.com.mx\/index.php?rest_route=%2Fwp%2Fv2%2Ftags&post=21614"}],"curies":[{"name":"wp","href":"https:\/\/api.w.org\/{rel}","templated":true}]}}