{"id":21616,"date":"2020-12-24T17:41:43","date_gmt":"2020-12-24T23:41:43","guid":{"rendered":"http:\/\/www.zonaroja.com.mx\/?p=21616"},"modified":"2020-12-24T18:49:05","modified_gmt":"2020-12-25T00:49:05","slug":"a-pedradas-corren-vendedores-ambulantes-a-policias-municipales-de-oaxaca","status":"publish","type":"post","link":"https:\/\/zonaroja.com.mx\/?p=21616","title":{"rendered":"A pedradas corren vendedores ambulantes a polic\u00edas municipales de Oaxaca"},"content":{"rendered":"\n<p>Evlin Arag\u00f3n\/Zona Roja.<\/p>\n\n\n\n<p>Oaxaca de Ju\u00e1rez, Oax., 24 de diciembre de 2020.- Fallido result\u00f3 el operativo implementado por elementos de la polic\u00eda municipal de Oaxaca de Ju\u00e1rez, a cargo de Marcos Fredy Hern\u00e1ndez L\u00f3pez, que ten\u00eda por objetivo retirar los puestos ambulantes de pirotecnia en el camell\u00f3n del Perif\u00e8rico, en inmediaciones de la Central de Abasto.<\/p>\n\n\n\n<p>Y es que la tarde de este jueves 24, en v\u00edsperas de la Navidad, la autoridad implement\u00f3 una estrategia con la que pretend\u00eda decomisar la mercanc\u00eda, sin embargo, solo gener\u00f3 un enfrentamiento entre vendedores y elementos policiacos, estos \u00faltimos terminaron abandonando el lugar.&nbsp;&nbsp;<\/p>\n\n\n\n<p>&#8211;\u00a1\u00d3rale putos!<\/p>\n\n\n\n<p>&#8211;\u00a1No le abran perros!<\/p>\n\n\n\n<p>La tensa situaci\u00f3n se logra escuchar en los videos que fueron difundidos en las redes sociales, sobre los hechos.<\/p>\n\n\n\n<p>Personas corriendo para resguardarse y otras m\u00e1s arrojando piedras tras las patrullas, as\u00ed como el sonido de piedras que impactan fuertemente en las unidades tambi\u00e9n se pueden percibir en el material audiovisual.&nbsp;<\/p>\n\n\n\n<p>La polic\u00eda respondi\u00f3 con gas lacrim\u00f3geno para dispersar a los vendedores que llegaban por decenas y la situaci\u00f3n se sali\u00f3 de control. Locales cercanos cerraron sus cortinas y la gente se retir\u00f3 del lugar de manera moment\u00e1nea, mientras las patrullas se alejaban ante el ataque a pedradas que recibieron.&nbsp;<\/p>\n\n\n\n<p>Mas tard\u00f3 la polic\u00eda en salir corriendo del lugar que los vendedores en volverse a instalar e informar que mantendr\u00e1n la venta durante toda la tarde, al tratarse de uno de los d\u00edas con m\u00e1s ventas.<\/p>\n\n\n\n<figure class=\"wp-block-embed-twitter wp-block-embed is-type-rich is-provider-twitter\"><div class=\"wp-block-embed__wrapper\">\n<div class=\"twitter-tweet\"><blockquote class=\"twitter-tweet\" data-lang=\"es\"><p lang=\"es\" dir=\"ltr\"><a href=\"https:\/\/twitter.com\/hashtag\/%C3%9AltimoMinuto?src=hash&amp;ref_src=twsrc%5Etfw\">#\u00daltimoMinuto<\/a> <br>As\u00ed fue el operativo policiaco fallido este jueves, en el Perif\u00e9rico de la ciudad de <a href=\"https:\/\/twitter.com\/hashtag\/Oaxaca?src=hash&amp;ref_src=twsrc%5Etfw\">#Oaxaca<\/a>, a la altura de la calle Galeana.<br>Uniformados intentaron retirar puestos de pirotecnia; vendedores respondieron con piedras y a la vez les devolvieron gas lacrim\u00f3geno. <a href=\"https:\/\/t.co\/gkqIZAXH2f\">pic.twitter.com\/gkqIZAXH2f<\/a><\/p>&mdash; Zona Roja Oaxaca (@MexRoja) <a href=\"https:\/\/twitter.com\/MexRoja\/status\/1342228170351783936?ref_src=twsrc%5Etfw\">24 de diciembre de 2020<\/a><\/blockquote><\/div>\n<\/div><\/figure>\n\n\n\n<p>Como todos los a\u00f1os, desde hace varios d\u00edas y con el pretexto de la temporada decembrina, decenas de puestos ambulantes se instalaron en el camell\u00f3n del Perif\u00e9rico para expender productos hechos de p\u00f3lvora, los cuales son ilegales de acuerdo con la normatividad.&nbsp;<\/p>\n\n\n\n<p>La venta tambi\u00e9n se realiza al interior de la zona comercial m\u00e1s grande la ciudad, pese a que en mayo pasado el lugar sufri\u00f3 de un fuerte incendio que dejo al menos 150 familias afectadas, quienes perdieron su patrimonio, ubicado en la zona seca.<\/p>\n\n\n\n<p>El riesgo no ha sido impedimento para ofertar los productos, sobre todo en esta temporada de crisis econ\u00f3mica en la que han buscado de varias formas obtener alg\u00fan tipo de ingreso que les permita llevar sustento a su familia, de ah\u00ed que esta tarde defendieron \u00abcon todo\u00bb su mercanc\u00eda, la cual no estuvieron dispuestos a dejar que decomisara la autoridad municipal, a cuyos elementos no les quedo m\u00e1s que emprender la huida.&nbsp;<\/p>\n","protected":false},"excerpt":{"rendered":"<p>Evlin Arag\u00f3n\/Zona Roja. Oaxaca de Ju\u00e1rez, Oax., 24 de diciembre de 2020.- Fallido result\u00f3 el&hellip;<\/p>\n","protected":false},"author":2,"featured_media":21617,"comment_status":"closed","ping_status":"open","sticky":false,"template":"","format":"standard","meta":{"_lmt_disableupdate":"","_lmt_disable":"","_jetpack_memberships_contains_paid_content":false,"footnotes":""},"categories":[109,47],"tags":[2314],"class_list":["post-21616","post","type-post","status-publish","format-standard","has-post-thumbnail","hentry","category-minuto-a-minuto","category-zona-gris","tag-pirotecnia-ambulantes-oaxaca"],"jetpack_featured_media_url":"https:\/\/zonaroja.com.mx\/wp-content\/uploads\/2020\/12\/Ambulantes-Periferico.jpg","jetpack_sharing_enabled":true,"_links":{"self":[{"href":"https:\/\/zonaroja.com.mx\/index.php?rest_route=\/wp\/v2\/posts\/21616","targetHints":{"allow":["GET"]}}],"collection":[{"href":"https:\/\/zonaroja.com.mx\/index.php?rest_route=\/wp\/v2\/posts"}],"about":[{"href":"https:\/\/zonaroja.com.mx\/index.php?rest_route=\/wp\/v2\/types\/post"}],"author":[{"embeddable":true,"href":"https:\/\/zonaroja.com.mx\/index.php?rest_route=\/wp\/v2\/users\/2"}],"replies":[{"embeddable":true,"href":"https:\/\/zonaroja.com.mx\/index.php?rest_route=%2Fwp%2Fv2%2Fcomments&post=21616"}],"version-history":[{"count":1,"href":"https:\/\/zonaroja.com.mx\/index.php?rest_route=\/wp\/v2\/posts\/21616\/revisions"}],"predecessor-version":[{"id":21618,"href":"https:\/\/zonaroja.com.mx\/index.php?rest_route=\/wp\/v2\/posts\/21616\/revisions\/21618"}],"wp:featuredmedia":[{"embeddable":true,"href":"https:\/\/zonaroja.com.mx\/index.php?rest_route=\/wp\/v2\/media\/21617"}],"wp:attachment":[{"href":"https:\/\/zonaroja.com.mx\/index.php?rest_route=%2Fwp%2Fv2%2Fmedia&parent=21616"}],"wp:term":[{"taxonomy":"category","embeddable":true,"href":"https:\/\/zonaroja.com.mx\/index.php?rest_route=%2Fwp%2Fv2%2Fcategories&post=21616"},{"taxonomy":"post_tag","embeddable":true,"href":"https:\/\/zonaroja.com.mx\/index.php?rest_route=%2Fwp%2Fv2%2Ftags&post=21616"}],"curies":[{"name":"wp","href":"https:\/\/api.w.org\/{rel}","templated":true}]}}