{"id":2162,"date":"2019-07-10T18:18:21","date_gmt":"2019-07-10T23:18:21","guid":{"rendered":"http:\/\/www.zonaroja.com.mx\/?p=2162"},"modified":"2019-07-10T18:18:23","modified_gmt":"2019-07-10T23:18:23","slug":"denuncian-impunidad-al-interior-de-la-fiscalia-general-de-oaxaca","status":"publish","type":"post","link":"https:\/\/zonaroja.com.mx\/?p=2162","title":{"rendered":"Denuncian impunidad al interior de la Fiscal\u00eda General de Oaxaca"},"content":{"rendered":"\n<p>Redacci\u00f3n<\/p>\n\n\n\n<p>Oaxaca de\nJu\u00e1rez, Oax., 10 de julio de 2019.- Mientras que elementos de seguridad y\nprocuraci\u00f3n de justicia se apersonaron en el Palacio de Gobierno para anunciar\nla conformaci\u00f3n de una asociaci\u00f3n civil a fin de defender sus derechos\nlaborales, a unos metros de distancia, Juana del Rosario Cruz Gonz\u00e1les denuncio\na personal de la Agencia Estatal de Investigaciones (AEI) por haberla atacado y\nprivado de su libertad.<\/p>\n\n\n\n<p>Record\u00f3 que\nhace poco m\u00e1s de un a\u00f1o, en junio del 2018, cuando visit\u00f3 a su hijo en la\ncapital del estado, elementos de la AEI le cambiaron la chapa del zagu\u00e1n\nprincipal y quer\u00edan acceder a la fuerza a una propiedad ubicada en la colonia\nReforma, por lo que present\u00f3 una denuncia ante la Fiscal\u00eda General del Estado\nde Oaxaca, que abri\u00f3 la Carpeta de Investigaci\u00f3n 6188\/Oaxaca\/2018 de Asuntos\nRelevantes de la Direcci\u00f3n de Averiguaciones Previas.<\/p>\n\n\n\n<p>\u201cA m\u00e1s de un\na\u00f1o de sucedidos los hechos, a\u00fan no se me hace justicia, yo no pido m\u00e1s que\njusticia, hasta el d\u00eda de hoy la Fiscal\u00eda no hace nada, a pesar de que denuncie\nen tiempo y forma\u201d, dijo la mujer ante los medios de comunicaci\u00f3n.<\/p>\n\n\n\n<p>Raquel,\nSoledad, Alejandra, Miguel, Daniel, son algunas de las personas que la\ndenunciante se\u00f1al\u00f3 como responsables del ataque hacia su persona y que dijo\noperan as\u00ed para quedarse con las pertenencias de quienes rentan los cuartos en\nla zona norte de la ciudad.<\/p>\n\n\n\n<p>En este\nsentido indic\u00f3 que personal de la Agencia Estatal de Investigaciones se\napersonaron en el lugar para amenazarla de no decir nada de lo contrario \u201cme\niba a cargar la fregada y me iban a entregar muerto a mi hijo\u201d, dijo.<\/p>\n\n\n\n<p>Finalmente,\nJuana del Rosario asegur\u00f3 que desconoce el fondo de la situaci\u00f3n, sin embargo\nreiter\u00f3 que se trataron de elementos de la Agencia Estatal de Investigaciones\nlos responsables del acoso y privaci\u00f3n de libertad de la que fue v\u00edctima.<\/p>\n\n\n\n<p>Insisti\u00f3&nbsp; en la exigencia de justicia: \u201cyo lo que pido\nes que mi demanda se judicialice, no quiero otra cosa m\u00e1s que la Fiscal\u00eda haga\nsu trabajo\u201d, se\u00f1al\u00f3.<\/p>\n","protected":false},"excerpt":{"rendered":"<p>Redacci\u00f3n Oaxaca de Ju\u00e1rez, Oax., 10 de julio de 2019.- Mientras que elementos de seguridad&hellip;<\/p>\n","protected":false},"author":2,"featured_media":2163,"comment_status":"closed","ping_status":"open","sticky":false,"template":"","format":"standard","meta":{"_lmt_disableupdate":"","_lmt_disable":"","_jetpack_memberships_contains_paid_content":false,"footnotes":""},"categories":[109,51],"tags":[59,326],"class_list":["post-2162","post","type-post","status-publish","format-standard","has-post-thumbnail","hentry","category-minuto-a-minuto","category-zona-roja","tag-fiscalia-general-del-estado","tag-juana-del-rosario-cruz-gonzalez"],"jetpack_featured_media_url":"https:\/\/zonaroja.com.mx\/wp-content\/uploads\/2019\/07\/a6909671-2346-440e-a1b3-c68260fb68ed.jpg","jetpack_sharing_enabled":true,"_links":{"self":[{"href":"https:\/\/zonaroja.com.mx\/index.php?rest_route=\/wp\/v2\/posts\/2162","targetHints":{"allow":["GET"]}}],"collection":[{"href":"https:\/\/zonaroja.com.mx\/index.php?rest_route=\/wp\/v2\/posts"}],"about":[{"href":"https:\/\/zonaroja.com.mx\/index.php?rest_route=\/wp\/v2\/types\/post"}],"author":[{"embeddable":true,"href":"https:\/\/zonaroja.com.mx\/index.php?rest_route=\/wp\/v2\/users\/2"}],"replies":[{"embeddable":true,"href":"https:\/\/zonaroja.com.mx\/index.php?rest_route=%2Fwp%2Fv2%2Fcomments&post=2162"}],"version-history":[{"count":1,"href":"https:\/\/zonaroja.com.mx\/index.php?rest_route=\/wp\/v2\/posts\/2162\/revisions"}],"predecessor-version":[{"id":2164,"href":"https:\/\/zonaroja.com.mx\/index.php?rest_route=\/wp\/v2\/posts\/2162\/revisions\/2164"}],"wp:featuredmedia":[{"embeddable":true,"href":"https:\/\/zonaroja.com.mx\/index.php?rest_route=\/wp\/v2\/media\/2163"}],"wp:attachment":[{"href":"https:\/\/zonaroja.com.mx\/index.php?rest_route=%2Fwp%2Fv2%2Fmedia&parent=2162"}],"wp:term":[{"taxonomy":"category","embeddable":true,"href":"https:\/\/zonaroja.com.mx\/index.php?rest_route=%2Fwp%2Fv2%2Fcategories&post=2162"},{"taxonomy":"post_tag","embeddable":true,"href":"https:\/\/zonaroja.com.mx\/index.php?rest_route=%2Fwp%2Fv2%2Ftags&post=2162"}],"curies":[{"name":"wp","href":"https:\/\/api.w.org\/{rel}","templated":true}]}}