{"id":21620,"date":"2020-12-24T19:15:11","date_gmt":"2020-12-25T01:15:11","guid":{"rendered":"http:\/\/www.zonaroja.com.mx\/?p=21620"},"modified":"2020-12-24T19:15:16","modified_gmt":"2020-12-25T01:15:16","slug":"planton-de-victimas-de-huazantlan-cumple-4-dias-la-segego-no-los-atendio","status":"publish","type":"post","link":"https:\/\/zonaroja.com.mx\/?p=21620","title":{"rendered":"\u201cPlant\u00f3n\u201d de v\u00edctimas de Huazantl\u00e1n cumple 4 d\u00edas; la Segego no los atendi\u00f3"},"content":{"rendered":"\n<p>Yuridiana Sosa\/Zona Roja.<\/p>\n\n\n\n<p>Oaxaca de Ju\u00e1rez, Oax., 24 de diciembre de 2020.- Bajo una carpa en el z\u00f3calo de la capital, acompa\u00f1ados del dolor por la p\u00e9rdida de sus familiares y de la indiferencia gubernamental, v\u00edctimas de la masacre de Huazantl\u00e1n del R\u00edo, permanecer\u00e1n en plant\u00f3n esta Nochebuena y Navidad, en exigencia de justicia por las 15 personas asesinadas.<\/p>\n\n\n\n<p>Este jueves cumplen cuatro d\u00edas de \u201cplant\u00f3n\u201d &#8211;indefinido&#8211; frente a Palacio de Gobierno, en donde nadie los atiende. Ni\u00f1os, ancianos y adultos desplazados por la violencia y amenazas de muerte son ignorados por el gobierno del estado.<\/p>\n\n\n\n<p>La Secretar\u00eda General de Gobierno (Segego) cit\u00f3 a los afectados a una mesa de di\u00e1logo el pasado lunes, cuando arribaron a la capital desde San Mateo del Mar en la regi\u00f3n del Istmo, pero nunca los recibi\u00f3 y no ha vuelto a tener acercamiento, se\u00f1al\u00f3 Mar\u00eda del Rosario Guerra, una de las exiliadas en la capital.<\/p>\n\n\n\n<figure class=\"wp-block-embed-twitter wp-block-embed is-type-rich is-provider-twitter\"><div class=\"wp-block-embed__wrapper\">\n<div class=\"twitter-tweet\"><blockquote class=\"twitter-tweet\" data-lang=\"es\"><p lang=\"es\" dir=\"ltr\"><a href=\"https:\/\/twitter.com\/hashtag\/ENVIVO?src=hash&amp;ref_src=twsrc%5Etfw\">#ENVIVO<\/a><br>Oaxaca de Ju\u00e1rez, Oax., 24 de diciembre de 2020.- Pobladores desplazados de Huazantl\u00e1n del R\u00edo, San Mateo del Mar, Oaxaca, cumplen cuatro d\u00edas de \u201cplant\u00f3n\u201d en el z\u00f3calo, sin ninguna atenci\u00f3n de la <a href=\"https:\/\/twitter.com\/SEGEGO_GobOax?ref_src=twsrc%5Etfw\">@SEGEGO_GobOax<\/a>.<br><br>Aqu\u00ed la transmisi\u00f3n \ud83d\udc47<a href=\"https:\/\/t.co\/BeNkvCl1wl\">https:\/\/t.co\/BeNkvCl1wl<\/a> <a href=\"https:\/\/t.co\/kfcYwBFHPk\">pic.twitter.com\/kfcYwBFHPk<\/a><\/p>&mdash; Zona Roja Oaxaca (@MexRoja) <a href=\"https:\/\/twitter.com\/MexRoja\/status\/1342173013697986560?ref_src=twsrc%5Etfw\">24 de diciembre de 2020<\/a><\/blockquote><\/div>\n<\/div><\/figure>\n\n\n\n<p>Mientras que la Fiscal\u00eda General de Oaxaca les indic\u00f3 que debe esperar a que la Segego autorice la ejecuci\u00f3n de m\u00e1s de 160 \u00f3rdenes de aprehensi\u00f3n con las que cuenta sobre la masacre del pasado 21 de junio donde 15 personas fueron asesinadas.<\/p>\n\n\n\n<p>Mar\u00eda del Rosario indic\u00f3 que la Fiscal\u00eda de Oaxaca se deslinda de su exigencia de justicia, a pesar que las v\u00edctimas, como ella, a\u00fan reciben amenazas de muerte para que dejen de realizar denuncias p\u00fablicas por los hechos.<\/p>\n\n\n\n<p>A pesar de las precarias circunstancias en las que se encuentran, las v\u00edctimas indicaron que permanecer\u00e1n en plant\u00f3n hasta que se detenga a los presuntos involucrados en los cr\u00edmenes.<\/p>\n","protected":false},"excerpt":{"rendered":"<p>Yuridiana Sosa\/Zona Roja. Oaxaca de Ju\u00e1rez, Oax., 24 de diciembre de 2020.- Bajo una carpa&hellip;<\/p>\n","protected":false},"author":2,"featured_media":21621,"comment_status":"closed","ping_status":"open","sticky":false,"template":"","format":"standard","meta":{"_lmt_disableupdate":"","_lmt_disable":"","_jetpack_memberships_contains_paid_content":false,"footnotes":""},"categories":[109,47],"tags":[1656,605],"class_list":["post-21620","post","type-post","status-publish","format-standard","has-post-thumbnail","hentry","category-minuto-a-minuto","category-zona-gris","tag-huazantlan-del-rio","tag-san-mateo-del-mar"],"jetpack_featured_media_url":"https:\/\/zonaroja.com.mx\/wp-content\/uploads\/2020\/12\/Planton-Huazantlan-zocalo.jpg","jetpack_sharing_enabled":true,"_links":{"self":[{"href":"https:\/\/zonaroja.com.mx\/index.php?rest_route=\/wp\/v2\/posts\/21620","targetHints":{"allow":["GET"]}}],"collection":[{"href":"https:\/\/zonaroja.com.mx\/index.php?rest_route=\/wp\/v2\/posts"}],"about":[{"href":"https:\/\/zonaroja.com.mx\/index.php?rest_route=\/wp\/v2\/types\/post"}],"author":[{"embeddable":true,"href":"https:\/\/zonaroja.com.mx\/index.php?rest_route=\/wp\/v2\/users\/2"}],"replies":[{"embeddable":true,"href":"https:\/\/zonaroja.com.mx\/index.php?rest_route=%2Fwp%2Fv2%2Fcomments&post=21620"}],"version-history":[{"count":1,"href":"https:\/\/zonaroja.com.mx\/index.php?rest_route=\/wp\/v2\/posts\/21620\/revisions"}],"predecessor-version":[{"id":21622,"href":"https:\/\/zonaroja.com.mx\/index.php?rest_route=\/wp\/v2\/posts\/21620\/revisions\/21622"}],"wp:featuredmedia":[{"embeddable":true,"href":"https:\/\/zonaroja.com.mx\/index.php?rest_route=\/wp\/v2\/media\/21621"}],"wp:attachment":[{"href":"https:\/\/zonaroja.com.mx\/index.php?rest_route=%2Fwp%2Fv2%2Fmedia&parent=21620"}],"wp:term":[{"taxonomy":"category","embeddable":true,"href":"https:\/\/zonaroja.com.mx\/index.php?rest_route=%2Fwp%2Fv2%2Fcategories&post=21620"},{"taxonomy":"post_tag","embeddable":true,"href":"https:\/\/zonaroja.com.mx\/index.php?rest_route=%2Fwp%2Fv2%2Ftags&post=21620"}],"curies":[{"name":"wp","href":"https:\/\/api.w.org\/{rel}","templated":true}]}}