{"id":21629,"date":"2020-12-25T08:19:24","date_gmt":"2020-12-25T14:19:24","guid":{"rendered":"http:\/\/www.zonaroja.com.mx\/?p=21629"},"modified":"2020-12-25T08:19:28","modified_gmt":"2020-12-25T14:19:28","slug":"pese-a-pandemia-hay-obras-en-la-uabjo-inauguran-tres-en-facultad-de-medicina","status":"publish","type":"post","link":"https:\/\/zonaroja.com.mx\/?p=21629","title":{"rendered":"Pese a pandemia, hay obras en la UABJO; inauguran tres en Facultad de Medicina"},"content":{"rendered":"\n<p>Redacci\u00f3n\/Zona Roja.<\/p>\n\n\n\n<p>Oaxaca de Ju\u00e1rez, Oax., 25 de diciembre de 2020.- El rector de la Universidad Aut\u00f3noma \u201cBenito Ju\u00e1rez\u201d de Oaxaca (UABJO), Eduardo Bautista Mart\u00ednez, y el director de la Facultad de Medicina y Cirug\u00eda (FMC), Luis Manuel S\u00e1nchez Navarro, develaron tres placas conmemorativas en igual n\u00famero de espacios donde se han realizado trabajos de mejoramiento a la infraestructura.<\/p>\n\n\n\n<p>Esta acci\u00f3n consta del rescate de los arquitos del frontispicio, que datan de 1913, sistema para concentraci\u00f3n de aguas pluviales, el cual evitar\u00e1 el encharcamiento en los patios, y un pozo profundo con red hidr\u00e1ulica, para cubrir las necesidades en este espacio.<\/p>\n\n\n\n<p>Durante el acto protocolario, el rector celebr\u00f3 los trabajos realizados en la Facultad, sobre todo porque se trata de una unidad acad\u00e9mica donde se forman quienes est\u00e1n al frente de la atenci\u00f3n y la preservaci\u00f3n de la buena salud.<\/p>\n\n\n\n<p>\u201cEsto muestra el compromiso y la voluntad que se promueven, a\u00fan en situaciones complicadas, la UABJO est\u00e1 de pie y contin\u00faa trabajando, asumiendo con responsabilidad los retos diarios y prepar\u00e1ndose para el futuro\u201d, afirm\u00f3.<\/p>\n\n\n\n<p>\u201cNo generamos aportes solo al interior de la Universidad, puesto que, a trav\u00e9s del servicio social y el buen trabajo de la comunidad estudiantil, se brinda atenci\u00f3n profesional y solidaria en las regiones m\u00e1s alejadas de nuestro estado\u201d, agreg\u00f3.<\/p>\n\n\n\n<p>En su oportunidad, el director de la Facultad agradeci\u00f3 a la administraci\u00f3n central, por el apoyo brindado en la realizaci\u00f3n de las m\u00faltiples actividades para el buen funcionamiento de esta instituci\u00f3n educativa.<\/p>\n\n\n\n<p>Agreg\u00f3 que las obras concluidas, cumplen con los protocolos hist\u00f3ricos y la normatividad universitaria, puesto que se ha caminado de la mano con las dependencias correspondientes, a fin de garantizar buenos resultados.<\/p>\n\n\n\n<p>Posterior a ello, las autoridades universitarias visitaron el Centro de Atenci\u00f3n M\u00e9dica y Simuladores (CAMSI), donde dieron cuenta de los nuevos equipos adquiridos para esta \u00e1rea, destinada a facilitar el aprendizaje de habilidades m\u00e9dicas, adem\u00e1s de contribuir a la evaluaci\u00f3n objetiva y de destrezas cl\u00ednicas en la comunidad estudiantil.<\/p>\n\n\n\n<p>Cabe destacar que este espacio forma parte de la Asociaci\u00f3n Americana del Coraz\u00f3n y a nivel nacional, esta \u00e1rea funge como un centro evaluador y de certificaci\u00f3n especialistas en pediatr\u00eda y ginecolog\u00eda.<\/p>\n\n\n\n<p>Finalmente, se realiz\u00f3 un recorrido por los laboratorios y espacios abiertos de la instituci\u00f3n, donde se observaron los diversos avances en t\u00e9rminos acad\u00e9micos y de infraestructura que fortalecen las clases a distancia y en l\u00ednea de esta unidad acad\u00e9mica.<\/p>\n","protected":false},"excerpt":{"rendered":"<p>Redacci\u00f3n\/Zona Roja. Oaxaca de Ju\u00e1rez, Oax., 25 de diciembre de 2020.- El rector de la&hellip;<\/p>\n","protected":false},"author":2,"featured_media":21630,"comment_status":"closed","ping_status":"open","sticky":false,"template":"","format":"standard","meta":{"_lmt_disableupdate":"","_lmt_disable":"","_jetpack_memberships_contains_paid_content":false,"footnotes":""},"categories":[109,46],"tags":[360],"class_list":["post-21629","post","type-post","status-publish","format-standard","has-post-thumbnail","hentry","category-minuto-a-minuto","category-zona-blanca","tag-rector-eduardo-bautista-martinez"],"jetpack_featured_media_url":"https:\/\/zonaroja.com.mx\/wp-content\/uploads\/2020\/12\/rector-obras-Medicina.jpg","jetpack_sharing_enabled":true,"_links":{"self":[{"href":"https:\/\/zonaroja.com.mx\/index.php?rest_route=\/wp\/v2\/posts\/21629","targetHints":{"allow":["GET"]}}],"collection":[{"href":"https:\/\/zonaroja.com.mx\/index.php?rest_route=\/wp\/v2\/posts"}],"about":[{"href":"https:\/\/zonaroja.com.mx\/index.php?rest_route=\/wp\/v2\/types\/post"}],"author":[{"embeddable":true,"href":"https:\/\/zonaroja.com.mx\/index.php?rest_route=\/wp\/v2\/users\/2"}],"replies":[{"embeddable":true,"href":"https:\/\/zonaroja.com.mx\/index.php?rest_route=%2Fwp%2Fv2%2Fcomments&post=21629"}],"version-history":[{"count":1,"href":"https:\/\/zonaroja.com.mx\/index.php?rest_route=\/wp\/v2\/posts\/21629\/revisions"}],"predecessor-version":[{"id":21631,"href":"https:\/\/zonaroja.com.mx\/index.php?rest_route=\/wp\/v2\/posts\/21629\/revisions\/21631"}],"wp:featuredmedia":[{"embeddable":true,"href":"https:\/\/zonaroja.com.mx\/index.php?rest_route=\/wp\/v2\/media\/21630"}],"wp:attachment":[{"href":"https:\/\/zonaroja.com.mx\/index.php?rest_route=%2Fwp%2Fv2%2Fmedia&parent=21629"}],"wp:term":[{"taxonomy":"category","embeddable":true,"href":"https:\/\/zonaroja.com.mx\/index.php?rest_route=%2Fwp%2Fv2%2Fcategories&post=21629"},{"taxonomy":"post_tag","embeddable":true,"href":"https:\/\/zonaroja.com.mx\/index.php?rest_route=%2Fwp%2Fv2%2Ftags&post=21629"}],"curies":[{"name":"wp","href":"https:\/\/api.w.org\/{rel}","templated":true}]}}