{"id":21638,"date":"2020-12-25T08:58:48","date_gmt":"2020-12-25T14:58:48","guid":{"rendered":"http:\/\/www.zonaroja.com.mx\/?p=21638"},"modified":"2020-12-25T08:58:52","modified_gmt":"2020-12-25T14:58:52","slug":"denuncian-que-un-directivo-del-imss-se-puso-la-vacuna-anticovid","status":"publish","type":"post","link":"https:\/\/zonaroja.com.mx\/?p=21638","title":{"rendered":"Denuncian que un directivo del IMSS se puso la vacuna anticovid"},"content":{"rendered":"\n<p>Redacci\u00f3n\/Zona Roja Cdmx.<\/p>\n\n\n\n<p>Ciudad de M\u00e9xico, 25 de diciembre de 2020.- Un grupo de trabajadores del sector salud protest\u00f3 ayer en la Ciudad de M\u00e9xico, para denunciar que varios funcionarios del Instituto Mexicano de Seguro Social (IMSS) se vacunaron contra el Covid-19.<\/p>\n\n\n\n<p>Anoche, el director de la instituci\u00f3n, Zo\u00e9 Robledo, reconoci\u00f3 que a un directivo del IMSS se le aplic\u00f3 la vacuna anticovid de Pfizer-BioNTech y se trata del director del Hospital de Especialidades de \u201cLa Raza\u201d.<\/p>\n\n\n\n<p>Sin embargo, argument\u00f3 que cumpli\u00f3 con los criterios para la vacunaci\u00f3n, ya que atiende pacientes covid-19, es adulto mayor y tiene comorbilidades.<\/p>\n\n\n\n<p>\u201cS\u00ed se vacun\u00f3 el director del hospital, Jos\u00e9 Arturo V\u00e1zquez Garc\u00eda, porque forma parte de estos criterios, el de edad primero, \u00e9l tiene 60 a\u00f1os, naci\u00f3 el 20 de agosto de 1960, tiene esa primera condici\u00f3n \u201335 a\u00f1os trabajando en el IMSS\u2013 tiene dos comorbilidades, hipertensi\u00f3n arterial, pero lo m\u00e1s importante (\u2026) el doctor Vel\u00e1zquez ha estado atendiendo covid\u201d, dijo.<\/p>\n\n\n\n<p>TERMINAN VACUNAS EN SEIS HORAS<\/p>\n\n\n\n<p>Por otra parte, las primeras dos mil 975 vacunas anticovid se aplicaron en seis horas en Quer\u00e9taro, Toluca y Ciudad de M\u00e9xico.<\/p>\n\n\n\n<p>El plan para inmunizar a la poblaci\u00f3n pretende que en dos semanas haya dosis disponibles para las 32 entidades del pa\u00eds, de tal manera que al finalizar enero de 2021 todo el personal de salud mexicano est\u00e9 protegido con un mill\u00f3n 420 mil 575 dosis de Pfizer.<\/p>\n\n\n\n<p>El Presidente Andr\u00e9s Manuel L\u00f3pez Obrador esperar\u00e1 su turno para aplicarse la vacuna contra la Covid-19, pues \u201ctiene claro que primero va su pueblo\u201d, afirm\u00f3 Hugo L\u00f3pez-Gatell, subsecretario de Salud.<\/p>\n\n\n\n<p>De acuerdo con el gobierno federal, el martes pr\u00f3ximo arribar\u00e1n otras 50 mil dosis del biol\u00f3gico y ese embarque se distribuir\u00e1 simult\u00e1neamente en nueve centros de vacunaci\u00f3n en Ciudad de M\u00e9xico y siete en Coahuila.<\/p>\n\n\n\n<p>Para la siguiente semana, la del 5 de enero, ya estar\u00edan cubri\u00e9ndose parcialmente las 32 entidades federativas y el contrato establece que a partir de la segunda semana de enero los embarques procedentes de B\u00e9lgica contendr\u00e1n 230 mil dosis.<\/p>\n\n\n\n<p>En total, mediante el convenio con Pfizer, M\u00e9xico plantea adquirir hasta 34 millones 400 mil vacunas.<\/p>\n\n\n\n<p>En las primeras horas del 24 de diciembre, tres contenedores con 975 vacunas para personal m\u00e9dico de Ciudad de M\u00e9xico, Quer\u00e9taro y Toluca salieron del Instituto Nacional de Cancerolog\u00eda.<\/p>\n\n\n\n<p>(Con informaci\u00f3n de \u00abMilenio Diario\u00bb)<\/p>\n","protected":false},"excerpt":{"rendered":"<p>Redacci\u00f3n\/Zona Roja Cdmx. Ciudad de M\u00e9xico, 25 de diciembre de 2020.- Un grupo de trabajadores&hellip;<\/p>\n","protected":false},"author":2,"featured_media":21639,"comment_status":"closed","ping_status":"open","sticky":false,"template":"","format":"standard","meta":{"_lmt_disableupdate":"","_lmt_disable":"","_jetpack_memberships_contains_paid_content":false,"footnotes":""},"categories":[109,46],"tags":[1328],"class_list":["post-21638","post","type-post","status-publish","format-standard","has-post-thumbnail","hentry","category-minuto-a-minuto","category-zona-blanca","tag-coronavirus-mexico"],"jetpack_featured_media_url":"https:\/\/zonaroja.com.mx\/wp-content\/uploads\/2020\/12\/Vacuna-anticovid.jpg","jetpack_sharing_enabled":true,"_links":{"self":[{"href":"https:\/\/zonaroja.com.mx\/index.php?rest_route=\/wp\/v2\/posts\/21638","targetHints":{"allow":["GET"]}}],"collection":[{"href":"https:\/\/zonaroja.com.mx\/index.php?rest_route=\/wp\/v2\/posts"}],"about":[{"href":"https:\/\/zonaroja.com.mx\/index.php?rest_route=\/wp\/v2\/types\/post"}],"author":[{"embeddable":true,"href":"https:\/\/zonaroja.com.mx\/index.php?rest_route=\/wp\/v2\/users\/2"}],"replies":[{"embeddable":true,"href":"https:\/\/zonaroja.com.mx\/index.php?rest_route=%2Fwp%2Fv2%2Fcomments&post=21638"}],"version-history":[{"count":1,"href":"https:\/\/zonaroja.com.mx\/index.php?rest_route=\/wp\/v2\/posts\/21638\/revisions"}],"predecessor-version":[{"id":21640,"href":"https:\/\/zonaroja.com.mx\/index.php?rest_route=\/wp\/v2\/posts\/21638\/revisions\/21640"}],"wp:featuredmedia":[{"embeddable":true,"href":"https:\/\/zonaroja.com.mx\/index.php?rest_route=\/wp\/v2\/media\/21639"}],"wp:attachment":[{"href":"https:\/\/zonaroja.com.mx\/index.php?rest_route=%2Fwp%2Fv2%2Fmedia&parent=21638"}],"wp:term":[{"taxonomy":"category","embeddable":true,"href":"https:\/\/zonaroja.com.mx\/index.php?rest_route=%2Fwp%2Fv2%2Fcategories&post=21638"},{"taxonomy":"post_tag","embeddable":true,"href":"https:\/\/zonaroja.com.mx\/index.php?rest_route=%2Fwp%2Fv2%2Ftags&post=21638"}],"curies":[{"name":"wp","href":"https:\/\/api.w.org\/{rel}","templated":true}]}}