{"id":21641,"date":"2020-12-25T09:05:23","date_gmt":"2020-12-25T15:05:23","guid":{"rendered":"http:\/\/www.zonaroja.com.mx\/?p=21641"},"modified":"2020-12-25T15:19:48","modified_gmt":"2020-12-25T21:19:48","slug":"dos-anos-sin-saber-de-martha-rosa-y-su-madre-siguen-desaparecidas","status":"publish","type":"post","link":"https:\/\/zonaroja.com.mx\/?p=21641","title":{"rendered":"Dos a\u00f1os sin saber de Martha Rosa y su madre; siguen desaparecidas"},"content":{"rendered":"\n<p>Evlin Arag\u00f3n\/Zona Roja.<\/p>\n\n\n\n<p>Oaxaca de Ju\u00e1rez, Oax., 25 de diciembre de 2020.- A sus 20 a\u00f1os de edad, Martha Rosa S\u00e1nchez Rebollar estudiaba la Licenciatura en Gesti\u00f3n y Desarrollo de las Artes, en la Universidad Lasalle de Oaxaca. Pero su educaci\u00f3n fue truncada ya que hace dos a\u00f1os, ella y su madre Mar\u00eda Concha Rebollar desaparecieron y nada se sabe de ellas.&nbsp;<\/p>\n\n\n\n<p>Sin rastro de ambas mujeres, as\u00ed han trascurrido los \u00faltimos dos a\u00f1os en los que las autoridades de la Fiscal\u00eda General del Estado de Oaxaca no han dado con su paradero, tras su desaparici\u00f3n reportada el 25 de diciembre del 2018, en su domicilio ubicado en la colonia La Soledad en el municipio de San Antonio de la Cal, donde pasaban la Navidad.&nbsp;<\/p>\n\n\n\n<p>Ni la campa\u00f1a emprendida por estudiantes de La Salle, a inicios de a\u00f1o, ha servido de presi\u00f3n suficiente para que las autoridades den informaci\u00f3n con respecto al caso que se ha mantenido en el m\u00e1s profundo hermetismo por parte del fiscal Rub\u00e9n Vasconcelos M\u00e9ndez, que so pretexto de la secrec\u00eda que deben seguir los procedimientos, evita responder cuestionamientos al respecto.&nbsp;<\/p>\n\n\n\n<p>Y aunque desde enero del 2019 anunci\u00f3 la detenci\u00f3n de F\u00e9lix S. J. L., polic\u00eda municipal de Santa Luc\u00eda del Camino, acusado como probable responsable de la desaparici\u00f3n forzada de ambas mujeres, la realidad es que nada se sabe de la joven y su madre, quien adem\u00e1s militaba en el partido Morena.&nbsp;<\/p>\n\n\n\n<p>La dirigencia de dicho partido parece tambi\u00e9n haber olvidado a Mar\u00eda Concha y su hija, solo durante el primer mes de su desaparici\u00f3n la dirigencia estatal, representada por Sesul Bola\u00f1os se pronunci\u00f3 en torno al caso, exigiendo a las autoridades para que realizaran la b\u00fasqueda, incluso declar\u00f3 haberse reunido con el fiscal Rub\u00e9n Vasconcelos M\u00e9ndez.<\/p>\n\n\n\n<p>El olvido es tan real que la familia de ambas mujeres cuestion\u00f3 el actuar del senador Salom\u00f3n Jara Cruz, a quien recurrieron para solicitar su apoyo y en respuesta obtuvo un \u201cno tengo tiempo porque tengo un evento\u201d, como lo refiri\u00f3 a finales de enero del 2019 el portal de noticias P\u00e1gina 3.<\/p>\n\n\n\n<p>Los \u00fanicos que han insistido en mantener la b\u00fasqueda han sido los compa\u00f1eros y compa\u00f1eras de Martha Rosa, quienes han pedido a las autoridades encargadas de impartir justicia dejar el discurso y actuar en beneficio de la ciudadan\u00eda, de quienes se preguntan todo el tiempo por sus familiares y obtienen la indiferencia de las dependencias que por ley est\u00e1n obligados a dar resultados.<\/p>\n\n\n\n<p>As\u00ed mismo los colectivos feministas que durante la marcha del 8 de marzo plasmaron los rostros de ambas mujeres en pliegos de papel que posteriormente convirtieron en intervenciones callejeras, que a\u00fan se pueden ver, para exigir su aparici\u00f3n con vida.<\/p>\n","protected":false},"excerpt":{"rendered":"<p>Evlin Arag\u00f3n\/Zona Roja. Oaxaca de Ju\u00e1rez, Oax., 25 de diciembre de 2020.- A sus 20&hellip;<\/p>\n","protected":false},"author":2,"featured_media":4248,"comment_status":"closed","ping_status":"open","sticky":false,"template":"","format":"standard","meta":{"_lmt_disableupdate":"","_lmt_disable":"","_jetpack_memberships_contains_paid_content":false,"footnotes":""},"categories":[109,47],"tags":[1224],"class_list":["post-21641","post","type-post","status-publish","format-standard","has-post-thumbnail","hentry","category-minuto-a-minuto","category-zona-gris","tag-martha-rosas-sanchez"],"jetpack_featured_media_url":"https:\/\/zonaroja.com.mx\/wp-content\/uploads\/2019\/09\/Madre-e-hija1.jpg","jetpack_sharing_enabled":true,"_links":{"self":[{"href":"https:\/\/zonaroja.com.mx\/index.php?rest_route=\/wp\/v2\/posts\/21641","targetHints":{"allow":["GET"]}}],"collection":[{"href":"https:\/\/zonaroja.com.mx\/index.php?rest_route=\/wp\/v2\/posts"}],"about":[{"href":"https:\/\/zonaroja.com.mx\/index.php?rest_route=\/wp\/v2\/types\/post"}],"author":[{"embeddable":true,"href":"https:\/\/zonaroja.com.mx\/index.php?rest_route=\/wp\/v2\/users\/2"}],"replies":[{"embeddable":true,"href":"https:\/\/zonaroja.com.mx\/index.php?rest_route=%2Fwp%2Fv2%2Fcomments&post=21641"}],"version-history":[{"count":2,"href":"https:\/\/zonaroja.com.mx\/index.php?rest_route=\/wp\/v2\/posts\/21641\/revisions"}],"predecessor-version":[{"id":21643,"href":"https:\/\/zonaroja.com.mx\/index.php?rest_route=\/wp\/v2\/posts\/21641\/revisions\/21643"}],"wp:featuredmedia":[{"embeddable":true,"href":"https:\/\/zonaroja.com.mx\/index.php?rest_route=\/wp\/v2\/media\/4248"}],"wp:attachment":[{"href":"https:\/\/zonaroja.com.mx\/index.php?rest_route=%2Fwp%2Fv2%2Fmedia&parent=21641"}],"wp:term":[{"taxonomy":"category","embeddable":true,"href":"https:\/\/zonaroja.com.mx\/index.php?rest_route=%2Fwp%2Fv2%2Fcategories&post=21641"},{"taxonomy":"post_tag","embeddable":true,"href":"https:\/\/zonaroja.com.mx\/index.php?rest_route=%2Fwp%2Fv2%2Ftags&post=21641"}],"curies":[{"name":"wp","href":"https:\/\/api.w.org\/{rel}","templated":true}]}}