{"id":21644,"date":"2020-12-25T15:58:01","date_gmt":"2020-12-25T21:58:01","guid":{"rendered":"http:\/\/www.zonaroja.com.mx\/?p=21644"},"modified":"2020-12-25T15:58:06","modified_gmt":"2020-12-25T21:58:06","slug":"crimen-contra-el-patrimonio-la-instalacion-de-puestos-ambulantes-en-oaxaca","status":"publish","type":"post","link":"https:\/\/zonaroja.com.mx\/?p=21644","title":{"rendered":"Crimen contra el patrimonio, la instalaci\u00f3n de puestos ambulantes en Oaxaca"},"content":{"rendered":"\n<p>Evlin Arag\u00f3n\/Zona Roja.<\/p>\n\n\n\n<p>Oaxaca de Ju\u00e1rez, Oax., 25 de diciembre de 2020.- Activistas por la conservaci\u00f3n del Centro Hist\u00f3rico de Oaxaca calificaron como un crimen contra el patrimonio la reciente instalaci\u00f3n de decenas de puestos ambulantes en el z\u00f3calo de la ciudad y Andador Tur\u00edstico, con el aval de la autoridad municipal, encabezada por Oswaldo Garc\u00eda Jarqu\u00edn.\u00a0<\/p>\n\n\n\n<p>Y es que ni la pandemia de Covid-19 y mucho menos el alto n\u00famero de contagios en la capital ha impedido en incremento desmedido de puestos informales, y el privilegio para otros, como la Fundaci\u00f3n Alfredo Harp, que tiene un local de venta de recuerdos del equipo \u00abGuerreros de Oaxaca\u00bb en la Alameda de Le\u00f3n.<\/p>\n\n\n\n<p>Recientemente fue creado el perfil de Facebook \u201cSalvemos el Centro Hist\u00f3rico de Oaxaca\u201d, con la intenci\u00f3n de denunciar de manera ciudadana los da\u00f1os al Patrimonio Mundial de la Humanidad.\u00a0 A trav\u00e9s de \u00e9ste denunciaron:<\/p>\n\n\n\n<p>\u201cEsto es una l\u00e1stima&#8230;. NO ES POSIBLE&#8230;. Siendo el z\u00f3calo de la ciudad de Oaxaca, una de las plazas m\u00e1s bellas de Latinoamericana., que digo&#8230; DEL MUNDO!!! Pues la ciudad de Oaxaca ya es considerada como el destino tur\u00edstico n\u00famero 1 !!!!!\u00a0 Y que permitan este atropello a un patrimonio de la humanidad!!! ES INAUDITO!!!!\u201d.\u00a0<\/p>\n\n\n\n<p>En este sentido, han cuestionado seriamente el actuar del edil capitalino y el gobernador de Oaxaca, Alejandro Murat Hinojosa, a quienes reprochan no tener las agallas suficientes para dar soluci\u00f3n a la problem\u00e1tica del ambulantaje, que ha sido bandera pol\u00edtica de quienes aspiran a la presidencia de la capital y estando en el poder no hacen nada al respecto.&nbsp;<\/p>\n\n\n\n<p>\u201cQUE pasa con el Presidente Municipal, y con el Gobernador???? Acaso no lo ven??? No pasan por el Z\u00f3calo??? Acaso no tienen las agallas ni la autoridad para darle una soluci\u00f3n a este asunto??? Por qu\u00e9 se permite este tianguis en PLENO PALACIO DE GOBIERNO???? Y POR TANTOS A\u00d1OS&#8230;\u201d<\/p>\n\n\n\n<p>Y aunque reconocieron la necesidad econ\u00f3mica de las personas que se dedican al comercio informal, aseguraron que las autoridades deben habilitar espacios dignos para que puedan llevar a cabo la actividad que les permite obtener recursos para sobrevivir.&nbsp;<\/p>\n\n\n\n<p>As\u00ed mismo, indicaron que entienden la problem\u00e1tica social que se vive en la entidad, sin embargo, lamentaron que el z\u00f3calo poco a poco se haya convertido en un tianguis, vivienda, ba\u00f1os, cocina y dem\u00e1s, bajo la permisividad de las autoridades que no quieren o pueden poner un alto.<\/p>\n\n\n\n<p>\u201cO que esperan??? Que la UNESCO quite el reconocimiento a la ciudad de Oaxaca, como patrimonio de la humanidad!!!! POR QUE RAZ\u00d3N NADIE HACE NADA??? POR QUE RAZ\u00d3N TODOS LO ACEPTAMOS????\u201d<\/p>\n\n\n\n<p>Finalmente, y ante la inacci\u00f3n de las autoridades locales, solicitaron la intervenci\u00f3n del secretario de Turismo del gobierno federal, Miguel Torruco Marqu\u00e9s, as\u00ed como del propio presidente de la Rep\u00fablica, Andr\u00e9s Manuel L\u00f3pez Obrador, a fin de recuperar el z\u00f3calo y tratarlo como el Patrimonio Mundial que es.&nbsp;<\/p>\n","protected":false},"excerpt":{"rendered":"<p>Evlin Arag\u00f3n\/Zona Roja. Oaxaca de Ju\u00e1rez, Oax., 25 de diciembre de 2020.- Activistas por la&hellip;<\/p>\n","protected":false},"author":2,"featured_media":21645,"comment_status":"closed","ping_status":"open","sticky":false,"template":"","format":"standard","meta":{"_lmt_disableupdate":"","_lmt_disable":"","_jetpack_memberships_contains_paid_content":false,"footnotes":""},"categories":[109,47],"tags":[1843],"class_list":["post-21644","post","type-post","status-publish","format-standard","has-post-thumbnail","hentry","category-minuto-a-minuto","category-zona-gris","tag-comerciantes-ambulantes-ciudad-de-oaxaca"],"jetpack_featured_media_url":"https:\/\/zonaroja.com.mx\/wp-content\/uploads\/2020\/12\/Ambulantes-Alameda.jpg","jetpack_sharing_enabled":true,"_links":{"self":[{"href":"https:\/\/zonaroja.com.mx\/index.php?rest_route=\/wp\/v2\/posts\/21644","targetHints":{"allow":["GET"]}}],"collection":[{"href":"https:\/\/zonaroja.com.mx\/index.php?rest_route=\/wp\/v2\/posts"}],"about":[{"href":"https:\/\/zonaroja.com.mx\/index.php?rest_route=\/wp\/v2\/types\/post"}],"author":[{"embeddable":true,"href":"https:\/\/zonaroja.com.mx\/index.php?rest_route=\/wp\/v2\/users\/2"}],"replies":[{"embeddable":true,"href":"https:\/\/zonaroja.com.mx\/index.php?rest_route=%2Fwp%2Fv2%2Fcomments&post=21644"}],"version-history":[{"count":1,"href":"https:\/\/zonaroja.com.mx\/index.php?rest_route=\/wp\/v2\/posts\/21644\/revisions"}],"predecessor-version":[{"id":21646,"href":"https:\/\/zonaroja.com.mx\/index.php?rest_route=\/wp\/v2\/posts\/21644\/revisions\/21646"}],"wp:featuredmedia":[{"embeddable":true,"href":"https:\/\/zonaroja.com.mx\/index.php?rest_route=\/wp\/v2\/media\/21645"}],"wp:attachment":[{"href":"https:\/\/zonaroja.com.mx\/index.php?rest_route=%2Fwp%2Fv2%2Fmedia&parent=21644"}],"wp:term":[{"taxonomy":"category","embeddable":true,"href":"https:\/\/zonaroja.com.mx\/index.php?rest_route=%2Fwp%2Fv2%2Fcategories&post=21644"},{"taxonomy":"post_tag","embeddable":true,"href":"https:\/\/zonaroja.com.mx\/index.php?rest_route=%2Fwp%2Fv2%2Ftags&post=21644"}],"curies":[{"name":"wp","href":"https:\/\/api.w.org\/{rel}","templated":true}]}}