{"id":21647,"date":"2020-12-25T16:14:39","date_gmt":"2020-12-25T22:14:39","guid":{"rendered":"http:\/\/www.zonaroja.com.mx\/?p=21647"},"modified":"2020-12-25T16:14:42","modified_gmt":"2020-12-25T22:14:42","slug":"roja-navidad-en-la-costa-agreden-a-balazos-a-mujer-y-muere-ahogado-un-turista","status":"publish","type":"post","link":"https:\/\/zonaroja.com.mx\/?p=21647","title":{"rendered":"Roja Navidad: en la Costa agreden a balazos a mujer y muere ahogado un turista"},"content":{"rendered":"\n<p>Redacci\u00f3n\/Zona Roja. Foto: Cortes\u00eda<\/p>\n\n\n\n<p>Oaxaca de Ju\u00e1rez, Oax., 25 de diciembre de 2020.- La Navidad ha dejado un saldo rojo en Oaxaca, en las primeras 12 horas de este 25 de diciembre.<\/p>\n\n\n\n<p>En Pinotepa Nacional, municipio de la regi\u00f3n de la Costa, una mujer de la tercera edad fue agredida a balazos, por lo que fue trasladada a un hospital para su atenci\u00f3n m\u00e9dica.<\/p>\n\n\n\n<p>El ataque ocurri\u00f3 alrededor de las 09:00 horas en las calles Norberto Aguirre Palancares y Benito Ju\u00e1rez, en pleno centro de dicha municipalidad; un sujeto atac\u00f3 a balazos a la femenina, de 60 a\u00f1os de edad, tras lo cual huy\u00f3.<\/p>\n\n\n\n<p>Hasta el momento no se ha dado a conocer si logr\u00f3 la aprehensi\u00f3n de alguna persona por estos hechos.<\/p>\n\n\n\n<p>UN AHOGADO<\/p>\n\n\n\n<p>Por otra parte, la tarde de este viernes, en la playa de Residencial Tangolunda, Bah\u00edas de Huatulco, un hombre originario de la Ciudad de M\u00e9xico, identificado como H. M. I. E., de aproximadamente 82 a\u00f1os de edad, perdi\u00f3 la vida por ahogamiento.<\/p>\n\n\n\n<p>La v\u00edctima nadaba en la playa pidi\u00f3 auxilio; personal del Heroico Cuerpo de Bomberos arrib\u00f3 al sitio pero rescat\u00f3 el cuerpo sin vida.<\/p>\n\n\n\n<p>Horas antes, tambi\u00e9n los Bomberos participaron con \u00e9xito en un rescate, de una persona originaria de Dinamarca, en Punta Zicatela, Puerto Escondido, Oaxaca, quien hab\u00eda sido arrastrado por la corriente de las aguas embravecidas.<\/p>\n","protected":false},"excerpt":{"rendered":"<p>Redacci\u00f3n\/Zona Roja. Foto: Cortes\u00eda Oaxaca de Ju\u00e1rez, Oax., 25 de diciembre de 2020.- La Navidad&hellip;<\/p>\n","protected":false},"author":2,"featured_media":21648,"comment_status":"closed","ping_status":"open","sticky":false,"template":"","format":"standard","meta":{"_lmt_disableupdate":"","_lmt_disable":"","_jetpack_memberships_contains_paid_content":false,"footnotes":""},"categories":[109,51],"tags":[651],"class_list":["post-21647","post","type-post","status-publish","format-standard","has-post-thumbnail","hentry","category-minuto-a-minuto","category-zona-roja","tag-santiago-pinotepa-nacional"],"jetpack_featured_media_url":"https:\/\/zonaroja.com.mx\/wp-content\/uploads\/2020\/12\/Agredida-Pinotepa.jpg","jetpack_sharing_enabled":true,"_links":{"self":[{"href":"https:\/\/zonaroja.com.mx\/index.php?rest_route=\/wp\/v2\/posts\/21647","targetHints":{"allow":["GET"]}}],"collection":[{"href":"https:\/\/zonaroja.com.mx\/index.php?rest_route=\/wp\/v2\/posts"}],"about":[{"href":"https:\/\/zonaroja.com.mx\/index.php?rest_route=\/wp\/v2\/types\/post"}],"author":[{"embeddable":true,"href":"https:\/\/zonaroja.com.mx\/index.php?rest_route=\/wp\/v2\/users\/2"}],"replies":[{"embeddable":true,"href":"https:\/\/zonaroja.com.mx\/index.php?rest_route=%2Fwp%2Fv2%2Fcomments&post=21647"}],"version-history":[{"count":1,"href":"https:\/\/zonaroja.com.mx\/index.php?rest_route=\/wp\/v2\/posts\/21647\/revisions"}],"predecessor-version":[{"id":21649,"href":"https:\/\/zonaroja.com.mx\/index.php?rest_route=\/wp\/v2\/posts\/21647\/revisions\/21649"}],"wp:featuredmedia":[{"embeddable":true,"href":"https:\/\/zonaroja.com.mx\/index.php?rest_route=\/wp\/v2\/media\/21648"}],"wp:attachment":[{"href":"https:\/\/zonaroja.com.mx\/index.php?rest_route=%2Fwp%2Fv2%2Fmedia&parent=21647"}],"wp:term":[{"taxonomy":"category","embeddable":true,"href":"https:\/\/zonaroja.com.mx\/index.php?rest_route=%2Fwp%2Fv2%2Fcategories&post=21647"},{"taxonomy":"post_tag","embeddable":true,"href":"https:\/\/zonaroja.com.mx\/index.php?rest_route=%2Fwp%2Fv2%2Ftags&post=21647"}],"curies":[{"name":"wp","href":"https:\/\/api.w.org\/{rel}","templated":true}]}}