{"id":21650,"date":"2020-12-25T16:30:51","date_gmt":"2020-12-25T22:30:51","guid":{"rendered":"http:\/\/www.zonaroja.com.mx\/?p=21650"},"modified":"2020-12-25T16:30:54","modified_gmt":"2020-12-25T22:30:54","slug":"paciencia-vas-a-salir-sano-le-dijo-el-personal-medico-a-eduardo-y-vencio-al-covid","status":"publish","type":"post","link":"https:\/\/zonaroja.com.mx\/?p=21650","title":{"rendered":"\u201cPaciencia, vas a salir sano\u201d, le dijo el personal m\u00e9dico a Eduardo. \u00a1Y venci\u00f3 al Covid!"},"content":{"rendered":"\n<p>Yuridiana Sosa\/Zona Roja.<\/p>\n\n\n\n<p>Oaxaca de Ju\u00e1rez, Oax., 25 de diciembre de 2020.- A casi una semana de estancia, Eduardo Lara egres\u00f3 del hospital, como se lo auguraron enfermeras y m\u00e9dicos cuando ingres\u00f3 casi sin aliento, a causa del Covid-19.<\/p>\n\n\n\n<p>El joven fue atendido en la unidad m\u00f3vil anexa al Hospital de la Mujer, ubicada en San Bartolo Coyotepec, Oaxaca.<\/p>\n\n\n\n<p>Eduardo cont\u00f3 su experiencia a trav\u00e9s de su cuenta de Facebook como una manera de hacer conciencia en la poblaci\u00f3n a cuidarse de la pandemia y para reconocer la labor del personal de salud que arriesga su vida por salvar a los pacientes.<\/p>\n\n\n\n<p>\u201cEstar en un hospital Covid ha sido una de las experiencias m\u00e1s traum\u00e1ticas y m\u00e1s reconstructivas que he tenido en la vida\u201d, coment\u00f3 el joven, quien egres\u00f3 en silla de ruedas &#8211; a\u00fan con dificultades para hablar por mucho tiempo- y entre porras del personal.<\/p>\n\n\n\n<p>Envuelto en el \u00e1nimo de sus m\u00e9dicos, que vitorearon su alta entre porras y globos, Lalo sac\u00f3 fuerzas para alzar los brazos, agradecer y gritar \u201c\u00a1Estoy vivo!\u201d, conmovido hasta las l\u00e1grimas. Cont\u00f3 como parte de los detalles del video que tambi\u00e9n comparti\u00f3.<\/p>\n\n\n\n<p>Eduardo Lara record\u00f3 su temor al ver aquel impresionante cuerpo m\u00e9dico cubierto de pies a cabeza para protegerse. Durante su ingreso en silla de ruedas, casi sin poder respirar, apenas logr\u00f3 escuchar: \u201cPaciencia, Lalo, vas a salir sano\u201d, por parte de una enfermera.<\/p>\n\n\n\n<p>\u201cTu familia te est\u00e1 esperando, \u00e9chale ganas\u201d, fue otra de las frases que con cari\u00f1o escuch\u00f3 de forma frecuente que las enfermeras y enfermeros repitieron, tomando su mano en uno de los d\u00edas m\u00e1s dif\u00edciles que pas\u00f3, entre fiebres y delirios.<\/p>\n\n\n\n<p>El joven paciente padeci\u00f3 tos, dolor de pecho, espalda, poca capacidad de respirar por cuenta propia; fue sometido a pruebas constantes de sangre, inyecciones en el est\u00f3mago, m\u00faltiples vitaminas, entre otras cosas, y paulatinamente fue mejorando.<\/p>\n\n\n\n<figure class=\"wp-block-embed-twitter wp-block-embed is-type-rich is-provider-twitter\"><div class=\"wp-block-embed__wrapper\">\n<div class=\"twitter-tweet\"><blockquote class=\"twitter-tweet\" data-lang=\"es\"><p lang=\"es\" dir=\"ltr\"><a href=\"https:\/\/twitter.com\/hashtag\/NavidadEnCasa?src=hash&amp;ref_src=twsrc%5Etfw\">#NavidadEnCasa<\/a><br>En medio de la tragedia que ha generado el Covid, tambi\u00e9n hay historias de milagros, como el de Eduardo, capitalino de <a href=\"https:\/\/twitter.com\/hashtag\/Oaxaca?src=hash&amp;ref_src=twsrc%5Etfw\">#Oaxaca<\/a> que logr\u00f3 vencer la pandemia y contar su historia, tras egresar del \u00e1rea especial del Hospital de la Mujer, en Coyotepec. <a href=\"https:\/\/t.co\/OTJbttJJhv\">pic.twitter.com\/OTJbttJJhv<\/a><\/p>&mdash; Zona Roja Oaxaca (@MexRoja) <a href=\"https:\/\/twitter.com\/MexRoja\/status\/1342589556634300416?ref_src=twsrc%5Etfw\">25 de diciembre de 2020<\/a><\/blockquote><\/div>\n<\/div><\/figure>\n\n\n\n<p>Sin embargo, cada minuto dentro del nosocomio es una lucha entre el paciente y el virus y una batalla que parece interminable para los m\u00e9dicos, enfermeras y otros integrantes del sector salud que suplican el final de esta pandemia.<\/p>\n\n\n\n<p>El pasado martes, Eduardo comparti\u00f3 su historia y el comienzo de una nueva etapa de su vida que no hubiera sido posible sin los m\u00e9dicos.<\/p>\n\n\n\n<p>\u201cMe promet\u00ed compartir esto para generar conciencia sobre esta enfermedad. Ojal\u00e1 tanto dolor sirva para conectarnos entre todos y mirar hacia el mismo lado, all\u00e1 donde est\u00e1n las luces protegi\u00e9ndonos. No puedo hablar con tanta facilidad por la falta de ox\u00edgeno, pero pienso mejor que antes. Eso s\u00ed\u201d, indic\u00f3 Lalo, quien a\u00fan le esperan 20 d\u00edas m\u00e1s de tratamiento desde casa y otras semanas de recuperaci\u00f3n.<\/p>\n\n\n\n<p>SATURACIONES HOSPITALARIAS<\/p>\n\n\n\n<p>Apenas el jueves, el secretario de Salud de Oaxaca, Donato Casas Escamilla, reconoci\u00f3 el comienzo de las saturaciones hospitalarias en las \u00e1reas Covid-19.<\/p>\n\n\n\n<p>Por ello, insisti\u00f3 en recomendar a la poblaci\u00f3n en general a quedarse en casa si no ten\u00eda nada extraordinario que hacer en la calle. Asimismo, celebrar la Navidad y el a\u00f1o nuevo s\u00f3lo con la familia y en el hogar, para preservar el don m\u00e1s preciado: la salud.<\/p>\n","protected":false},"excerpt":{"rendered":"<p>Yuridiana Sosa\/Zona Roja. Oaxaca de Ju\u00e1rez, Oax., 25 de diciembre de 2020.- A casi una&hellip;<\/p>\n","protected":false},"author":2,"featured_media":21651,"comment_status":"closed","ping_status":"open","sticky":false,"template":"","format":"standard","meta":{"_lmt_disableupdate":"","_lmt_disable":"","_jetpack_memberships_contains_paid_content":false,"footnotes":""},"categories":[109,46],"tags":[1512],"class_list":["post-21650","post","type-post","status-publish","format-standard","has-post-thumbnail","hentry","category-minuto-a-minuto","category-zona-blanca","tag-coronavirus-oaxaca"],"jetpack_featured_media_url":"https:\/\/zonaroja.com.mx\/wp-content\/uploads\/2020\/12\/Eduardo.jpg","jetpack_sharing_enabled":true,"_links":{"self":[{"href":"https:\/\/zonaroja.com.mx\/index.php?rest_route=\/wp\/v2\/posts\/21650","targetHints":{"allow":["GET"]}}],"collection":[{"href":"https:\/\/zonaroja.com.mx\/index.php?rest_route=\/wp\/v2\/posts"}],"about":[{"href":"https:\/\/zonaroja.com.mx\/index.php?rest_route=\/wp\/v2\/types\/post"}],"author":[{"embeddable":true,"href":"https:\/\/zonaroja.com.mx\/index.php?rest_route=\/wp\/v2\/users\/2"}],"replies":[{"embeddable":true,"href":"https:\/\/zonaroja.com.mx\/index.php?rest_route=%2Fwp%2Fv2%2Fcomments&post=21650"}],"version-history":[{"count":1,"href":"https:\/\/zonaroja.com.mx\/index.php?rest_route=\/wp\/v2\/posts\/21650\/revisions"}],"predecessor-version":[{"id":21652,"href":"https:\/\/zonaroja.com.mx\/index.php?rest_route=\/wp\/v2\/posts\/21650\/revisions\/21652"}],"wp:featuredmedia":[{"embeddable":true,"href":"https:\/\/zonaroja.com.mx\/index.php?rest_route=\/wp\/v2\/media\/21651"}],"wp:attachment":[{"href":"https:\/\/zonaroja.com.mx\/index.php?rest_route=%2Fwp%2Fv2%2Fmedia&parent=21650"}],"wp:term":[{"taxonomy":"category","embeddable":true,"href":"https:\/\/zonaroja.com.mx\/index.php?rest_route=%2Fwp%2Fv2%2Fcategories&post=21650"},{"taxonomy":"post_tag","embeddable":true,"href":"https:\/\/zonaroja.com.mx\/index.php?rest_route=%2Fwp%2Fv2%2Ftags&post=21650"}],"curies":[{"name":"wp","href":"https:\/\/api.w.org\/{rel}","templated":true}]}}