{"id":21664,"date":"2020-12-26T08:13:23","date_gmt":"2020-12-26T14:13:23","guid":{"rendered":"http:\/\/www.zonaroja.com.mx\/?p=21664"},"modified":"2020-12-26T17:50:24","modified_gmt":"2020-12-26T23:50:24","slug":"tres-anos-despues-no-hay-pistas-de-dos-desaparecidos-en-cajonos","status":"publish","type":"post","link":"https:\/\/zonaroja.com.mx\/?p=21664","title":{"rendered":"Tres a\u00f1os despu\u00e9s, no hay pistas de dos desaparecidos en Cajonos"},"content":{"rendered":"\n<p class=\"MsoNormal\">Evlin Arag\u00f3n\/Zona Roja. <\/p>\n\n\n\n<h5 class=\"wp-block-heading\">\u00c1lvaro Bernardo Reyes Cruz, de 76 a\u00f1os de edad, y Federico Cruz Morales, de 53 a\u00f1os, autoridades ind\u00edgenas de la comunidad zapoteca San Miguel Cajonos, municipio de San Francisco Cajonos, Villa Alta, Oaxaca, fueron desaparecidos desde el pasado 27 de diciembre de 2017 y a\u00fan no se sabe de ellos. <\/h5>\n\n\n\n<p class=\"MsoNormal\">Pese a su avanzada edad, \u00c1lvaro Bernardo fue golpeado, arrastrado y subido a una camioneta color rojo para llevarlo a rumbo desconocido. Mientras que Federico fue interceptado en el camino y se lo llevaron con rumbo desconocido. Desde entonces, ya no se ha sabido m\u00e1s de ellos. <\/p>\n\n\n\n<p class=\"MsoNormal\">De acuerdo con los testimonios, la desaparici\u00f3n de ambas personas se dio en dos momentos diferentes, durante el mismo d\u00eda, derivada del reclam\u00f3 que las autoridades comunales hicieron a habitantes de San Pedro Cojonos, quienes ingresaron sin permiso a la comunidad para sacar madera.&nbsp;&nbsp;<\/p>\n\n\n\n<p class=\"MsoNormal\">\u201cEl problema se origin\u00f3 porque ciudadanos de San Pedro Cajones ingresaron en el monte de San Miguel, a un paraje llamado \u2018Las Calaveras\u2019, para sacar madera sin pedir permiso a la a sus autoridades comunales de San Miguel\u2026 El llamado de atenci\u00f3n provoc\u00f3 el enojo de los integrantes de la otra comunidad quienes empezaron a golpear a \u00c1lvaro, un adulto mayor de 76 a\u00f1os\u2026\u201d relat\u00f3 Arturo Ortega, familiar de Federico, en enero del 2019, para el portal de noticias, Sin Embargo.  <\/p>\n\n\n\n<p class=\"MsoNormal\">A tres a\u00f1os de los hechos, nada se sabe de su paradero, pese a que sus familiares -organizados en un comit\u00e9 de b\u00fasqueda- han tocado decenas de puertas con las autoridades estatales y federales, sin que alguna de estas pueda aclarar los hechos y encontrarlos con vida.  <\/p>\n\n\n\n<p class=\"MsoNormal\">Prueba de ello es que los hechos quedaron asentados en la carpeta de investigaci\u00f3n 64\/FEMCCO\/2017 de la Fiscal\u00eda General del Estado de Oaxaca y el expediente DDHPO\/2387\/ (27)\/OAX\/2017 de la Defensor\u00eda de los Derechos Humanos del Pueblo de Oaxaca.&nbsp;&nbsp;<\/p>\n\n\n\n<p class=\"MsoNormal\">De acuerdo con los familiares de los desaparecidos, tanto Fiscal\u00eda de Oaxaca, como la Secretar\u00eda de Gobernaci\u00f3n (Segob) del gobierno federal y la Procuradur\u00eda General de la Rep\u00fablica (PGR), tienen conocimiento de los hechos, sin embargo, no hay avance en las investigaciones y mucho menos indicios de su paradero.  <\/p>\n\n\n\n<p class=\"MsoNormal\">Tambi\u00e9n han recurrido a las diferentes instancias de derechos humanos, locales y nacionales, incluso se reunieron con el Alto Comisionado de las Naciones Unidas, con la intenci\u00f3n de que este \u00faltimo ejerza presi\u00f3n al gobierno federal para encontrar a sus familiares.&nbsp;&nbsp;<\/p>\n\n\n\n<p class=\"MsoNormal\">Pese al paso del tiempo -tres largos a\u00f1os- y los esfuerzos individuales por parte de las familias de ambos varones, no hay resultados por parte de las autoridades. De ah\u00ed que este domingo han anunciado su presencia en la capital del estado, para exigir justicia, avances en la investigaci\u00f3n y la aparici\u00f3n con vida de las autoridades. <\/p>\n\n\n\n<p class=\"MsoNormal\">Y es que los hechos tambi\u00e9n dejaron como consecuencia una permanente tensi\u00f3n entre las comunidades de San Miguel y San Pedro, que podr\u00eda convertirse en una nueva confrontaci\u00f3n entre las comunidades de la Sierra Ju\u00e1rez, en cualquier momento.   <\/p>\n","protected":false},"excerpt":{"rendered":"<p>Evlin Arag\u00f3n\/Zona Roja. \u00c1lvaro Bernardo Reyes Cruz, de 76 a\u00f1os de edad, y Federico Cruz&hellip;<\/p>\n","protected":false},"author":2,"featured_media":21665,"comment_status":"closed","ping_status":"open","sticky":false,"template":"","format":"standard","meta":{"_lmt_disableupdate":"","_lmt_disable":"","_jetpack_memberships_contains_paid_content":false,"footnotes":""},"categories":[109,47],"tags":[1205],"class_list":["post-21664","post","type-post","status-publish","format-standard","has-post-thumbnail","hentry","category-minuto-a-minuto","category-zona-gris","tag-san-miguel-cajonos"],"jetpack_featured_media_url":"https:\/\/zonaroja.com.mx\/wp-content\/uploads\/2020\/12\/Desaparecidos-Cajonos.jpg","jetpack_sharing_enabled":true,"_links":{"self":[{"href":"https:\/\/zonaroja.com.mx\/index.php?rest_route=\/wp\/v2\/posts\/21664","targetHints":{"allow":["GET"]}}],"collection":[{"href":"https:\/\/zonaroja.com.mx\/index.php?rest_route=\/wp\/v2\/posts"}],"about":[{"href":"https:\/\/zonaroja.com.mx\/index.php?rest_route=\/wp\/v2\/types\/post"}],"author":[{"embeddable":true,"href":"https:\/\/zonaroja.com.mx\/index.php?rest_route=\/wp\/v2\/users\/2"}],"replies":[{"embeddable":true,"href":"https:\/\/zonaroja.com.mx\/index.php?rest_route=%2Fwp%2Fv2%2Fcomments&post=21664"}],"version-history":[{"count":2,"href":"https:\/\/zonaroja.com.mx\/index.php?rest_route=\/wp\/v2\/posts\/21664\/revisions"}],"predecessor-version":[{"id":21681,"href":"https:\/\/zonaroja.com.mx\/index.php?rest_route=\/wp\/v2\/posts\/21664\/revisions\/21681"}],"wp:featuredmedia":[{"embeddable":true,"href":"https:\/\/zonaroja.com.mx\/index.php?rest_route=\/wp\/v2\/media\/21665"}],"wp:attachment":[{"href":"https:\/\/zonaroja.com.mx\/index.php?rest_route=%2Fwp%2Fv2%2Fmedia&parent=21664"}],"wp:term":[{"taxonomy":"category","embeddable":true,"href":"https:\/\/zonaroja.com.mx\/index.php?rest_route=%2Fwp%2Fv2%2Fcategories&post=21664"},{"taxonomy":"post_tag","embeddable":true,"href":"https:\/\/zonaroja.com.mx\/index.php?rest_route=%2Fwp%2Fv2%2Ftags&post=21664"}],"curies":[{"name":"wp","href":"https:\/\/api.w.org\/{rel}","templated":true}]}}