{"id":21673,"date":"2020-12-26T08:38:20","date_gmt":"2020-12-26T14:38:20","guid":{"rendered":"http:\/\/www.zonaroja.com.mx\/?p=21673"},"modified":"2020-12-26T08:38:34","modified_gmt":"2020-12-26T14:38:34","slug":"fue-homicidio-no-accidente-el-de-los-moreno-valle-fiscalia-de-puebla","status":"publish","type":"post","link":"https:\/\/zonaroja.com.mx\/?p=21673","title":{"rendered":"Fue homicidio, no accidente, el de los Moreno Valle: Fiscal\u00eda de Puebla"},"content":{"rendered":"\n<p>Redacci\u00f3n\/Zona Roja Cdmx.<\/p>\n\n\n\n<p>Ciudad de M\u00e9xico, 26 de diciembre de 2020.- La Fiscal\u00eda General del Estado de Puebla dio un giro a la investigaci\u00f3n de las causas del desplome del helic\u00f3ptero donde murieron la gobernadora Martha \u00c9rika Alonso, su esposo el senador Rafael Moreno Valle y tres personas m\u00e1s, al acusar a cuatro implicados de homicidio culposo por informar que la aeronave estaba en buenas condiciones.<\/p>\n\n\n\n<p>El 27 de marzo, al emitir su informe final sobre el hecho, la Secretar\u00eda de Comunicaciones y Transportes \u2014entonces a cargo de Javier Jim\u00e9nez Espri\u00fa\u2014 concluy\u00f3 que en ning\u00fan caso los datos recabados durante 15 meses \u201cindican una responsabilidad o culpabilidad sobre la ocurrencia del suceso\u201d y anunci\u00f3 que remitir\u00eda el informe a la Fiscal\u00eda General de la Rep\u00fablica por tratarse de una investigaci\u00f3n federal y a la Fiscal\u00eda de Puebla para los efectos jur\u00eddicos correspondientes.<\/p>\n\n\n\n<p>Ayer la fiscal\u00eda poblana inform\u00f3 de la puesta a disposici\u00f3n del MP del Jos\u00e9 Antonio \u201cN\u201d, Mar\u00eda Magdalena \u201cN\u201d, Ricardo \u201cN\u201d e Israel \u201cN\u201d, trabajadores de la empresa Rotor Flight Services, relacionada con el funcionamiento de la aeronave.<\/p>\n\n\n\n<p>Los delitos: homicidio culposo, da\u00f1o en propiedad ajena culposo y falsedad en declaraciones ante una autoridad.<\/p>\n\n\n\n<p>De acuerdo con la indagatoria, en 2018 la mujer era responsable del taller y estaba a cargo del mantenimiento de la aeronave; fue detenida por polic\u00edas capitalinos en la colonia Santa Mar\u00eda la Ribera, alcald\u00eda Cuauht\u00e9moc.<\/p>\n\n\n\n<p>Luego de notificarle del mandamiento judicial en su contra, fue entregada a polic\u00edas de la entidad poblana para trasladarla y ponerla a disposici\u00f3n del juez que la requiri\u00f3 a fin de que se determine su situaci\u00f3n jur\u00eddica.<\/p>\n\n\n\n<p>En el dictamen, la Comisi\u00f3n Investigadora y Dictaminadora de Accidentes e Incidentes de Aviaci\u00f3n estableci\u00f3 como causa probable de la ca\u00edda de la aeronave \u201cla p\u00e9rdida de control del helic\u00f3ptero, debido a un alabeo repentino hacia la izquierda que no fue recuperado por el piloto al mando, provocando que se invirtiera en vuelo e impactara con esa configuraci\u00f3n contra el terreno\u201d.<\/p>\n\n\n\n<p>Sin embargo, esa p\u00e9rdida de control a causa del alabeo (curvatura) repentino se debi\u00f3 a que una pieza no fue reemplazada con oportunidad, porque los t\u00e9cnicos no lo advirtieron por escrito y, por el contrario, aseguraron que la nave estaba en buenas condiciones, seg\u00fan el dictamen de la Agencia Federal de Aviaci\u00f3n Civil (AFAC).<\/p>\n\n\n\n<p>La investigaci\u00f3n arroj\u00f3 diversas omisiones atribuibles al taller Rotor Flight Services, sobre todo la falta de informaci\u00f3n para evitar que la aeronave operara, pues no se encontraba en condiciones para hacerlo desde siete d\u00edas antes del incidente, debido a que una pieza debi\u00f3 haberse cambiado ocho d\u00edas antes del accidente.<\/p>\n\n\n\n<p>DICTAMEN FINAL DE LA SCT<\/p>\n\n\n\n<p>De acuerdo con el dictamen final emitido por la SCT, Rotor Flight Service sab\u00eda, desde el 13 de diciembre (11 d\u00edas antes del accidente), que el actuador lineal de roll de la aeronave se encontraba da\u00f1ado y que necesitaba ser reemplazado para un correcto funcionamiento; el componente hab\u00eda sido instalado el 10 de septiembre de aquel a\u00f1o.<\/p>\n","protected":false},"excerpt":{"rendered":"<p>Redacci\u00f3n\/Zona Roja Cdmx. Ciudad de M\u00e9xico, 26 de diciembre de 2020.- La Fiscal\u00eda General del&hellip;<\/p>\n","protected":false},"author":2,"featured_media":21674,"comment_status":"closed","ping_status":"open","sticky":false,"template":"","format":"standard","meta":{"_lmt_disableupdate":"","_lmt_disable":"","_jetpack_memberships_contains_paid_content":false,"footnotes":""},"categories":[109,47],"tags":[2319],"class_list":["post-21673","post","type-post","status-publish","format-standard","has-post-thumbnail","hentry","category-minuto-a-minuto","category-zona-gris","tag-accidente-moreno-valle-puebla"],"jetpack_featured_media_url":"https:\/\/zonaroja.com.mx\/wp-content\/uploads\/2020\/12\/Accidente-Moreno-Valle.jpg","jetpack_sharing_enabled":true,"_links":{"self":[{"href":"https:\/\/zonaroja.com.mx\/index.php?rest_route=\/wp\/v2\/posts\/21673","targetHints":{"allow":["GET"]}}],"collection":[{"href":"https:\/\/zonaroja.com.mx\/index.php?rest_route=\/wp\/v2\/posts"}],"about":[{"href":"https:\/\/zonaroja.com.mx\/index.php?rest_route=\/wp\/v2\/types\/post"}],"author":[{"embeddable":true,"href":"https:\/\/zonaroja.com.mx\/index.php?rest_route=\/wp\/v2\/users\/2"}],"replies":[{"embeddable":true,"href":"https:\/\/zonaroja.com.mx\/index.php?rest_route=%2Fwp%2Fv2%2Fcomments&post=21673"}],"version-history":[{"count":1,"href":"https:\/\/zonaroja.com.mx\/index.php?rest_route=\/wp\/v2\/posts\/21673\/revisions"}],"predecessor-version":[{"id":21675,"href":"https:\/\/zonaroja.com.mx\/index.php?rest_route=\/wp\/v2\/posts\/21673\/revisions\/21675"}],"wp:featuredmedia":[{"embeddable":true,"href":"https:\/\/zonaroja.com.mx\/index.php?rest_route=\/wp\/v2\/media\/21674"}],"wp:attachment":[{"href":"https:\/\/zonaroja.com.mx\/index.php?rest_route=%2Fwp%2Fv2%2Fmedia&parent=21673"}],"wp:term":[{"taxonomy":"category","embeddable":true,"href":"https:\/\/zonaroja.com.mx\/index.php?rest_route=%2Fwp%2Fv2%2Fcategories&post=21673"},{"taxonomy":"post_tag","embeddable":true,"href":"https:\/\/zonaroja.com.mx\/index.php?rest_route=%2Fwp%2Fv2%2Ftags&post=21673"}],"curies":[{"name":"wp","href":"https:\/\/api.w.org\/{rel}","templated":true}]}}