{"id":21679,"date":"2020-12-26T12:24:51","date_gmt":"2020-12-26T18:24:51","guid":{"rendered":"https:\/\/www.zonaroja.com.mx\/?p=21679"},"modified":"2020-12-26T12:24:55","modified_gmt":"2020-12-26T18:24:55","slug":"ni-pandemia-ni-fiestas-decembrinas-frenen-manifestaciones-este-sabado-es-sol-rojo","status":"publish","type":"post","link":"https:\/\/zonaroja.com.mx\/?p=21679","title":{"rendered":"Ni pandemia ni fiestas decembrinas frenen manifestaciones; este s\u00e1bado es \u201cSol Rojo\u201d"},"content":{"rendered":"\n<p class=\"MsoNormal\">Yuridiana Sosa\/Zona Roja.<\/p>\n\n\n\n<p class=\"MsoNormal\">Oaxaca de Ju\u00e1rez, Oax., 26 de diciembre de 2020.-  Las movilizaciones en Oaxaca no cesan en la recta final del a\u00f1o, ante la falta de justicia por parte de la Fiscal\u00eda General del Estado y nula atenci\u00f3n de la Secretar\u00eda General de Gobierno (Segego).<\/p>\n\n\n\n<p class=\"MsoNormal\">La organizaci\u00f3n social \u201cSol Rojo\u201d se manifest\u00f3 este s\u00e1bado, tras la celebraci\u00f3n de Navidad, para exigir al gobierno de Oaxaca atenci\u00f3n a sus demandas sociales y en especial a la Fiscal\u00eda, justicia por los asesinatos y desapariciones forzadas de sus agremiados.<\/p>\n\n\n\n<p class=\"MsoNormal\">Un grupo de inconformes arrib\u00f3 al z\u00f3calo de la capital, frente a Palacio de Gobierno para realizar un mitin y denunciar las omisiones de las autoridades a sus peticiones, por las cuales afirmaron: \u201cNi la pandemia va a callar nuestra lucha\u201d.<\/p>\n\n\n\n<p class=\"MsoNormal\">Sol Rojo exigi\u00f3 la presentaci\u00f3n con vida de su compa\u00f1ero, y ex catedr\u00e1tico de la Universidad Aut\u00f3noma Benito Ju\u00e1rez de Oaxaca (UABJO), Ernesto Serna Garc\u00eda, desaparecido desde el 10 de mayo del 2018.&nbsp;<\/p>\n\n\n\n<p class=\"MsoNormal\">Sin embargo, denunciaron que, tras cada mesa de di\u00e1logo con la Fiscal\u00eda de Oaxaca, las autoridades de justicia indican que \u201cya van a comenzar la b\u00fasqueda\u201d, a pesar que el hecho se denunci\u00f3 al instante de perder comunicaci\u00f3n con el activista social.<\/p>\n\n\n\n<p class=\"MsoNormal\">Adem\u00e1s, tambi\u00e9n exigieron justicia por el asesinato del activista Luis Armando Fuentes Aquino, asesinado en San Francisco Ixhuat\u00e1n, en la regi\u00f3n del Istmo, v\u00edctima de una emboscada el 11 de abril del 2019.<\/p>\n\n\n\n<p>Ante ello, luego de la protesta en Palacio de Gobierno, bloquearon la avenida Hidalgo esquina con Armenta y L\u00f3pez. <\/p>\n\n\n\n<p>En la regi\u00f3n del Istmo, bloquean dos tramos carreteros, uno de ellos a la salida de Chiapas, en el tramo Niltepec-Zanatepec. <\/p>\n\n\n\n<p>Otro m\u00e1s en la v\u00eda federal 190 Oaxaca-Istmo, a la altura de La Soledad Salinas. <\/p>\n\n\n\n<p class=\"MsoNormal\">Los inconformes advirtieron continuar con sus movilizaciones para demandar el cumplimiento a sus demandas, pues ninguna de las que han sido planteadas ante el gobierno han tenido soluci\u00f3n.<\/p>\n","protected":false},"excerpt":{"rendered":"<p>Yuridiana Sosa\/Zona Roja. Oaxaca de Ju\u00e1rez, Oax., 26 de diciembre de 2020.- Las movilizaciones en&hellip;<\/p>\n","protected":false},"author":2,"featured_media":21678,"comment_status":"closed","ping_status":"open","sticky":false,"template":"","format":"standard","meta":{"_lmt_disableupdate":"","_lmt_disable":"","_jetpack_memberships_contains_paid_content":false,"footnotes":""},"categories":[109,47],"tags":[323],"class_list":["post-21679","post","type-post","status-publish","format-standard","has-post-thumbnail","hentry","category-minuto-a-minuto","category-zona-gris","tag-corriente-del-pueblo-sol-rojo"],"jetpack_featured_media_url":"https:\/\/zonaroja.com.mx\/wp-content\/uploads\/2020\/12\/43d2f998-c6bf-4b7a-b924-210a1850a479.jpg","jetpack_sharing_enabled":true,"_links":{"self":[{"href":"https:\/\/zonaroja.com.mx\/index.php?rest_route=\/wp\/v2\/posts\/21679","targetHints":{"allow":["GET"]}}],"collection":[{"href":"https:\/\/zonaroja.com.mx\/index.php?rest_route=\/wp\/v2\/posts"}],"about":[{"href":"https:\/\/zonaroja.com.mx\/index.php?rest_route=\/wp\/v2\/types\/post"}],"author":[{"embeddable":true,"href":"https:\/\/zonaroja.com.mx\/index.php?rest_route=\/wp\/v2\/users\/2"}],"replies":[{"embeddable":true,"href":"https:\/\/zonaroja.com.mx\/index.php?rest_route=%2Fwp%2Fv2%2Fcomments&post=21679"}],"version-history":[{"count":1,"href":"https:\/\/zonaroja.com.mx\/index.php?rest_route=\/wp\/v2\/posts\/21679\/revisions"}],"predecessor-version":[{"id":21680,"href":"https:\/\/zonaroja.com.mx\/index.php?rest_route=\/wp\/v2\/posts\/21679\/revisions\/21680"}],"wp:featuredmedia":[{"embeddable":true,"href":"https:\/\/zonaroja.com.mx\/index.php?rest_route=\/wp\/v2\/media\/21678"}],"wp:attachment":[{"href":"https:\/\/zonaroja.com.mx\/index.php?rest_route=%2Fwp%2Fv2%2Fmedia&parent=21679"}],"wp:term":[{"taxonomy":"category","embeddable":true,"href":"https:\/\/zonaroja.com.mx\/index.php?rest_route=%2Fwp%2Fv2%2Fcategories&post=21679"},{"taxonomy":"post_tag","embeddable":true,"href":"https:\/\/zonaroja.com.mx\/index.php?rest_route=%2Fwp%2Fv2%2Ftags&post=21679"}],"curies":[{"name":"wp","href":"https:\/\/api.w.org\/{rel}","templated":true}]}}