{"id":21683,"date":"2020-12-26T15:03:20","date_gmt":"2020-12-26T21:03:20","guid":{"rendered":"https:\/\/www.zonaroja.com.mx\/?p=21683"},"modified":"2020-12-26T15:03:23","modified_gmt":"2020-12-26T21:03:23","slug":"resurge-violencia-en-zona-triqui-un-adulto-muerto-y-dos-ninos-lesionados-en-ataque-armado","status":"publish","type":"post","link":"https:\/\/zonaroja.com.mx\/?p=21683","title":{"rendered":"Resurge violencia en zona Triqui: un adulto muerto y dos ni\u00f1os lesionados en ataque armado"},"content":{"rendered":"\n<p class=\"MsoNormal\">Redacci\u00f3n\/Zona Roja.<\/p>\n\n\n\n<p class=\"MsoNormal\">Oaxaca de Ju\u00e1rez, Oax., 26 de diciembre de 2020.- Dos menores de edad lesionadas por disparos de arma de fuego, un adulto m\u00e1s herido y un fallecido, fue el saldo que dej\u00f3 el ataque armado contra una familia en la comunidad de Tierra Blanca, Santiago Juxtlahuaca, en la zona Triqui.<\/p>\n\n\n\n<p class=\"MsoNormal\">De acuerdo con los informes preliminares de la agencia de noticias Igavec,  el hecho se registr\u00f3 la ma\u00f1ana de este s\u00e1bado en el centro de la comunidad por parte de personas ajenas a la poblaci\u00f3n.<\/p>\n\n\n\n<p class=\"MsoNormal\">El ataque se perpetr\u00f3 cerca <a href=\"\/\/3\">de las 09:30<\/a> horas mientras las v\u00edctimas circulaban en calles del centro de Tierra Blanca, cuando otras personas abrieron fuego.<\/p>\n\n\n\n<p class=\"MsoNormal\">Por el hecho resultaron lesionados dos menores de edad de&nbsp;<a href=\"\/\/4\">entre siete y ocho<\/a>&nbsp;a\u00f1os de edad, hijos de la v\u00edctima mortal identificada como Andr\u00e9s Mart\u00ednez L\u00f3pez, mientras que una persona m\u00e1s, de la tercera edad, tambi\u00e9n result\u00f3 herida.<\/p>\n\n\n\n<p class=\"MsoNormal\">La madre de los menores, tambi\u00e9n presente en el lugar, result\u00f3 ilesa y de inmediato traslad\u00f3 a sus hijos para recibir atenci\u00f3n m\u00e9dica al hospital de Juxtlahuaca, en tanto, los agresores se dieron a la fuga.<\/p>\n\n\n\n<p class=\"MsoNormal\">Hasta el momento se desconocen los motivos del ataque, sin embargo, el hecho constern\u00f3 a la comunidad, misma que est\u00e1 ligada con la Confederaci\u00f3n Nacional Campesina (CNC), filial del PRI.<\/p>\n","protected":false},"excerpt":{"rendered":"<p>Redacci\u00f3n\/Zona Roja. Oaxaca de Ju\u00e1rez, Oax., 26 de diciembre de 2020.- Dos menores de edad&hellip;<\/p>\n","protected":false},"author":2,"featured_media":21682,"comment_status":"closed","ping_status":"open","sticky":false,"template":"","format":"standard","meta":{"_lmt_disableupdate":"","_lmt_disable":"","_jetpack_memberships_contains_paid_content":false,"footnotes":""},"categories":[109,51],"tags":[826],"class_list":["post-21683","post","type-post","status-publish","format-standard","has-post-thumbnail","hentry","category-minuto-a-minuto","category-zona-roja","tag-santiago-juxtlahuaca"],"jetpack_featured_media_url":"https:\/\/zonaroja.com.mx\/wp-content\/uploads\/2020\/12\/img_7503.jpg","jetpack_sharing_enabled":true,"_links":{"self":[{"href":"https:\/\/zonaroja.com.mx\/index.php?rest_route=\/wp\/v2\/posts\/21683","targetHints":{"allow":["GET"]}}],"collection":[{"href":"https:\/\/zonaroja.com.mx\/index.php?rest_route=\/wp\/v2\/posts"}],"about":[{"href":"https:\/\/zonaroja.com.mx\/index.php?rest_route=\/wp\/v2\/types\/post"}],"author":[{"embeddable":true,"href":"https:\/\/zonaroja.com.mx\/index.php?rest_route=\/wp\/v2\/users\/2"}],"replies":[{"embeddable":true,"href":"https:\/\/zonaroja.com.mx\/index.php?rest_route=%2Fwp%2Fv2%2Fcomments&post=21683"}],"version-history":[{"count":1,"href":"https:\/\/zonaroja.com.mx\/index.php?rest_route=\/wp\/v2\/posts\/21683\/revisions"}],"predecessor-version":[{"id":21684,"href":"https:\/\/zonaroja.com.mx\/index.php?rest_route=\/wp\/v2\/posts\/21683\/revisions\/21684"}],"wp:featuredmedia":[{"embeddable":true,"href":"https:\/\/zonaroja.com.mx\/index.php?rest_route=\/wp\/v2\/media\/21682"}],"wp:attachment":[{"href":"https:\/\/zonaroja.com.mx\/index.php?rest_route=%2Fwp%2Fv2%2Fmedia&parent=21683"}],"wp:term":[{"taxonomy":"category","embeddable":true,"href":"https:\/\/zonaroja.com.mx\/index.php?rest_route=%2Fwp%2Fv2%2Fcategories&post=21683"},{"taxonomy":"post_tag","embeddable":true,"href":"https:\/\/zonaroja.com.mx\/index.php?rest_route=%2Fwp%2Fv2%2Ftags&post=21683"}],"curies":[{"name":"wp","href":"https:\/\/api.w.org\/{rel}","templated":true}]}}