{"id":21686,"date":"2020-12-27T07:50:56","date_gmt":"2020-12-27T13:50:56","guid":{"rendered":"http:\/\/www.zonaroja.com.mx\/?p=21686"},"modified":"2020-12-27T07:22:16","modified_gmt":"2020-12-27T13:22:16","slug":"reves-del-teeo-al-ieepco-debe-registrar-a-aspirante-indigena-a-consejero-distrital","status":"publish","type":"post","link":"https:\/\/zonaroja.com.mx\/?p=21686","title":{"rendered":"Rev\u00e9s del TEEO al IEEPCO: debe registrar a aspirante ind\u00edgena a consejero distrital"},"content":{"rendered":"\n<p>Redacci\u00f3n\/Zona Roja.<\/p>\n\n\n\n<p>Oaxaca de Ju\u00e1rez, Oax., a 27 de diciembre de 2020.- En sesi\u00f3n p\u00fablica no presencial por videoconferencia, el pleno del Tribunal Electoral del Estado de Oaxaca (TEEO) orden\u00f3 al Instituto Estatal Electoral y de Participaci\u00f3n Ciudadana de Oaxaca (IEEPCO), otorgue el registro a Pablo C\u00e9sar Cruz Chac\u00f3n como aspirante a integrar el Consejo Distrital Electoral 23, con cabecera en San Pedro Mixtepec.<\/p>\n\n\n\n<p>Tambi\u00e9n, se le debe incluir en la lista de aspirantes que pasan a la etapa de examen de conocimientos y permitirle la presentaci\u00f3n del examen de m\u00e9rito.<\/p>\n\n\n\n<p>En la resoluci\u00f3n del Juicio para la Protecci\u00f3n de los Derechos Pol\u00edtico Electorales del Ciudadano, identificado con la clave JDC\/134\/2020, la magistrada y los magistrados de este \u00f3rgano determinaron que no asiste la raz\u00f3n a la autoridad responsable, en cuanto a su decisi\u00f3n de no permitirle el registro al actor, porque no busca la reelecci\u00f3n en el cargo.<\/p>\n\n\n\n<p>En el an\u00e1lisis de este expediente se determin\u00f3 que&nbsp; Cruz Chac\u00f3n fungi\u00f3 como consejero presidente del Consejo Municipal Electoral de Santa Cruz Xoxocotl\u00e1n, durante el proceso electoral local 2017-2018, en tanto que, para el proceso electoral que actualmente se desarrolla en el estado, pretende contender como consejero presidente, pero de un Consejo Distrital Electoral distinto, por lo que se trata de dos cargos diferentes.<\/p>\n\n\n\n<p>Adem\u00e1s, el Tribunal se\u00f1al\u00f3 que no es facultad del Consejo General del IEEPCO negarle el registro como aspirante al actor, porque \u00e9ste no present\u00f3 en forma oportuna su declaraci\u00f3n final cuando se desempe\u00f1\u00f3 como consejero municipal.<\/p>\n\n\n\n<p>El pleno asegur\u00f3 que corresponde a la Contralor\u00eda Interna del IEEPCO investigar, conocer y calificar las posibles infracciones a la Ley General de Responsabilidades Administrativas, que se le atribuyen al quejos.<\/p>\n\n\n\n<p>En consecuencia, el Consejo General solo puede negar el registro en acatamiento a una resoluci\u00f3n de ese \u00f3rgano interno. En cuanto al agravio de discriminaci\u00f3n expuesto por el actor, en la sentencia se declar\u00f3 infundado.<\/p>\n","protected":false},"excerpt":{"rendered":"<p>Redacci\u00f3n\/Zona Roja. Oaxaca de Ju\u00e1rez, Oax., a 27 de diciembre de 2020.- En sesi\u00f3n p\u00fablica&hellip;<\/p>\n","protected":false},"author":2,"featured_media":21687,"comment_status":"closed","ping_status":"open","sticky":false,"template":"","format":"standard","meta":{"_lmt_disableupdate":"","_lmt_disable":"","_jetpack_memberships_contains_paid_content":false,"footnotes":""},"categories":[109,47],"tags":[2235],"class_list":["post-21686","post","type-post","status-publish","format-standard","has-post-thumbnail","hentry","category-minuto-a-minuto","category-zona-gris","tag-tribunal-electoral-del-estado-de-oaxaca-teeo"],"jetpack_featured_media_url":"https:\/\/zonaroja.com.mx\/wp-content\/uploads\/2020\/12\/Sesion-TEEO.jpg","jetpack_sharing_enabled":true,"_links":{"self":[{"href":"https:\/\/zonaroja.com.mx\/index.php?rest_route=\/wp\/v2\/posts\/21686","targetHints":{"allow":["GET"]}}],"collection":[{"href":"https:\/\/zonaroja.com.mx\/index.php?rest_route=\/wp\/v2\/posts"}],"about":[{"href":"https:\/\/zonaroja.com.mx\/index.php?rest_route=\/wp\/v2\/types\/post"}],"author":[{"embeddable":true,"href":"https:\/\/zonaroja.com.mx\/index.php?rest_route=\/wp\/v2\/users\/2"}],"replies":[{"embeddable":true,"href":"https:\/\/zonaroja.com.mx\/index.php?rest_route=%2Fwp%2Fv2%2Fcomments&post=21686"}],"version-history":[{"count":2,"href":"https:\/\/zonaroja.com.mx\/index.php?rest_route=\/wp\/v2\/posts\/21686\/revisions"}],"predecessor-version":[{"id":21701,"href":"https:\/\/zonaroja.com.mx\/index.php?rest_route=\/wp\/v2\/posts\/21686\/revisions\/21701"}],"wp:featuredmedia":[{"embeddable":true,"href":"https:\/\/zonaroja.com.mx\/index.php?rest_route=\/wp\/v2\/media\/21687"}],"wp:attachment":[{"href":"https:\/\/zonaroja.com.mx\/index.php?rest_route=%2Fwp%2Fv2%2Fmedia&parent=21686"}],"wp:term":[{"taxonomy":"category","embeddable":true,"href":"https:\/\/zonaroja.com.mx\/index.php?rest_route=%2Fwp%2Fv2%2Fcategories&post=21686"},{"taxonomy":"post_tag","embeddable":true,"href":"https:\/\/zonaroja.com.mx\/index.php?rest_route=%2Fwp%2Fv2%2Ftags&post=21686"}],"curies":[{"name":"wp","href":"https:\/\/api.w.org\/{rel}","templated":true}]}}