{"id":21689,"date":"2020-12-26T18:34:31","date_gmt":"2020-12-27T00:34:31","guid":{"rendered":"http:\/\/www.zonaroja.com.mx\/?p=21689"},"modified":"2020-12-26T18:34:37","modified_gmt":"2020-12-27T00:34:37","slug":"en-navidad-otro-feminicidio-en-oaxaca-en-la-region-del-istmo","status":"publish","type":"post","link":"https:\/\/zonaroja.com.mx\/?p=21689","title":{"rendered":"En Navidad, otro feminicidio en Oaxaca, en la regi\u00f3n del Istmo"},"content":{"rendered":"\n<p>Redacci\u00f3n\/Zona Roja.<\/p>\n\n\n\n<p>Oaxaca de Ju\u00e1rez, Oax., 26 de diciembre de 2020.- Una vez m\u00e1s la vida de una mujer en Oaxaca es arrebatada por su pareja. Bertha, del municipio de Uni\u00f3n Hidalgo, en el Istmo, es otra v\u00edctima de feminicidio.<\/p>\n\n\n\n<p>De acuerdo al reporte preliminar de las corporaciones policiales, en dicho municipio colindante con Juchit\u00e1n de Zaragoza, una mujer fue localizada sin vida este 25 de diciembre, al interior de su vivienda.<\/p>\n\n\n\n<p>Presuntamente su pareja, identificada como Jes\u00fas M., quien viv\u00eda con Bertha, fue quien la ultim\u00f3 y se dio a la fuga, por lo que en la zona del Istmo familiares y amigos de la v\u00edctima comenzaron con la difusi\u00f3n del hecho para encontrar al presunto responsable del asesinato de la mujer.<\/p>\n\n\n\n<p>El grupo de Estudios sobre la Mujer \u201cRosario Castellanos\u201d, report\u00f3 recientemente que del 1 de enero al 21 de diciembre, se hab\u00edan cometido en la entidad 109 feminicidios en Oaxaca, de un total de 493 en lo que va de la administraci\u00f3n estatal a cargo de Alejandro Murat Hinojosa.<\/p>\n\n\n\n<p>De los casi 500 feminicidios, 278 se han cometido a partir de la declaratoria de Alerta de Violencia de G\u00e9nero para la entidad.<\/p>\n\n\n\n<p>La regi\u00f3n del Istmo ocupa el primer lugar al igual que Valles Centrales, en los feminicidios durante este 2020, con 24 casos y la segunda con m\u00e1s feminicidios en lo que va del gobierno actual, con un registro acumulado de 101 hechos.<\/p>\n","protected":false},"excerpt":{"rendered":"<p>Redacci\u00f3n\/Zona Roja. Oaxaca de Ju\u00e1rez, Oax., 26 de diciembre de 2020.- Una vez m\u00e1s la&hellip;<\/p>\n","protected":false},"author":2,"featured_media":21690,"comment_status":"closed","ping_status":"open","sticky":false,"template":"","format":"standard","meta":{"_lmt_disableupdate":"","_lmt_disable":"","_jetpack_memberships_contains_paid_content":false,"footnotes":""},"categories":[109,51],"tags":[610,279],"class_list":["post-21689","post","type-post","status-publish","format-standard","has-post-thumbnail","hentry","category-minuto-a-minuto","category-zona-roja","tag-feminicidios-oaxaca","tag-union-hidalgo"],"jetpack_featured_media_url":"https:\/\/zonaroja.com.mx\/wp-content\/uploads\/2020\/12\/Feminicidio-Union-Hidalgo.jpg","jetpack_sharing_enabled":true,"_links":{"self":[{"href":"https:\/\/zonaroja.com.mx\/index.php?rest_route=\/wp\/v2\/posts\/21689","targetHints":{"allow":["GET"]}}],"collection":[{"href":"https:\/\/zonaroja.com.mx\/index.php?rest_route=\/wp\/v2\/posts"}],"about":[{"href":"https:\/\/zonaroja.com.mx\/index.php?rest_route=\/wp\/v2\/types\/post"}],"author":[{"embeddable":true,"href":"https:\/\/zonaroja.com.mx\/index.php?rest_route=\/wp\/v2\/users\/2"}],"replies":[{"embeddable":true,"href":"https:\/\/zonaroja.com.mx\/index.php?rest_route=%2Fwp%2Fv2%2Fcomments&post=21689"}],"version-history":[{"count":1,"href":"https:\/\/zonaroja.com.mx\/index.php?rest_route=\/wp\/v2\/posts\/21689\/revisions"}],"predecessor-version":[{"id":21691,"href":"https:\/\/zonaroja.com.mx\/index.php?rest_route=\/wp\/v2\/posts\/21689\/revisions\/21691"}],"wp:featuredmedia":[{"embeddable":true,"href":"https:\/\/zonaroja.com.mx\/index.php?rest_route=\/wp\/v2\/media\/21690"}],"wp:attachment":[{"href":"https:\/\/zonaroja.com.mx\/index.php?rest_route=%2Fwp%2Fv2%2Fmedia&parent=21689"}],"wp:term":[{"taxonomy":"category","embeddable":true,"href":"https:\/\/zonaroja.com.mx\/index.php?rest_route=%2Fwp%2Fv2%2Fcategories&post=21689"},{"taxonomy":"post_tag","embeddable":true,"href":"https:\/\/zonaroja.com.mx\/index.php?rest_route=%2Fwp%2Fv2%2Ftags&post=21689"}],"curies":[{"name":"wp","href":"https:\/\/api.w.org\/{rel}","templated":true}]}}