{"id":21693,"date":"2020-12-26T18:44:18","date_gmt":"2020-12-27T00:44:18","guid":{"rendered":"http:\/\/www.zonaroja.com.mx\/?p=21693"},"modified":"2020-12-26T18:44:25","modified_gmt":"2020-12-27T00:44:25","slug":"enesimo-asalto-en-la-central-de-abasto-no-vengan-a-la-zona-piden-victimas","status":"publish","type":"post","link":"https:\/\/zonaroja.com.mx\/?p=21693","title":{"rendered":"En\u00e9simo asalto en la Central de Abasto; \u201cno vengan a la zona\u201d, piden v\u00edctimas"},"content":{"rendered":"\n<p>Evlin Arag\u00f3n\/Zona Roja.<\/p>\n\n\n\n<p>Oaxaca de Ju\u00e1rez, Oax., 26 de diciembre de 2020.- Para nadie es nuevo el se\u00f1alamiento que la Central de Abasto es un nido de delincuentes y de violencia que ninguna autoridad ha podido parar.<\/p>\n\n\n\n<p>Y es que de forma cotidiana, la ciudadan\u00eda reporta asaltos y robos en la zona comercial m\u00e1s grande en la capital de Oaxaca.&nbsp;<\/p>\n\n\n\n<p>En plenas festividades decembrinas y a trav\u00e9s de las redes sociales se puso de manifiesto lo anterior, al reportar un en\u00e9simo asalto a mano armada que dej\u00f3 a una joven mujer golpeada &#8211;con el tabique nasal roto&#8211; y su novio herido en el rostro con un arma blanca.&nbsp;<\/p>\n\n\n\n<p>Lo anterior a\u00fan con los establecimientos abiertos al p\u00fablico y el tr\u00e1fico vehicular en su m\u00e1ximo esplendor en la zona donde un grupo, amante de lo ajeno, conformado por dos mujeres y dos varones, atacaron a una pareja de j\u00f3venes para despojarlos de sus pertenencias.&nbsp;<\/p>\n\n\n\n<p>Fue la p\u00e1gina de Facebook \u201cLa Canasta Oaxaque\u00f1a de Audelio G\u00f3mez\u201d, la que transmiti\u00f3 en vivo lo hechos, suscitados el viernes 25 de diciembre por la noche, donde Belem social sali\u00f3 lesionada y se le puede ver con la cara y ropa ensangrentada, debido a la lesi\u00f3n en la nariz.&nbsp;&nbsp;<\/p>\n\n\n\n<p>\u201cEsta zona no la transites, as\u00ed seas hombre o mujer. Lo siento mucho por nuestros amigos comerciantes que piden que se reactive la econom\u00eda local. Tenemos un mercado hermoso, pero est\u00e1 infestado de ratas de dos patas\u201d, se puede escuchar por parte de Audelio G\u00f3mez, quien narr\u00f3 los hechos.&nbsp;<\/p>\n\n\n\n<p>Ni la polic\u00eda ni la ambulancia hizo su aparici\u00f3n durante los 20 minutos que dur\u00f3 la transmisi\u00f3n en vivo, pese al llamado que realizaron las v\u00edctimas.\u00a0<\/p>\n\n\n\n<figure class=\"wp-block-embed-twitter wp-block-embed is-type-rich is-provider-twitter\"><div class=\"wp-block-embed__wrapper\">\n<div class=\"twitter-tweet\"><blockquote class=\"twitter-tweet\" data-lang=\"es\"><p lang=\"es\" dir=\"ltr\"><a href=\"https:\/\/twitter.com\/hashtag\/OaxacaGris?src=hash&amp;ref_src=twsrc%5Etfw\">#OaxacaGris<\/a> <br>Grave, la inseguridad en la capital de <a href=\"https:\/\/twitter.com\/hashtag\/Oaxaca?src=hash&amp;ref_src=twsrc%5Etfw\">#Oaxaca<\/a> ante nula vigilancia del <a href=\"https:\/\/twitter.com\/MunicipioOaxaca?ref_src=twsrc%5Etfw\">@MunicipioOaxaca<\/a>; anoche una pareja de j\u00f3venes fue asaltada y golpeada en el Perif\u00e9rico, uno de ellos con lesiones por arma blanca en el rostro. <br>Aqu\u00ed algunos detalles de \u201cLa canasta oaxaque\u00f1a\u201d: <a href=\"https:\/\/t.co\/7Nf0cti8W9\">pic.twitter.com\/7Nf0cti8W9<\/a><\/p>&mdash; Zona Roja Oaxaca (@MexRoja) <a href=\"https:\/\/twitter.com\/MexRoja\/status\/1342991141055193089?ref_src=twsrc%5Etfw\">27 de diciembre de 2020<\/a><\/blockquote><\/div>\n<\/div><\/figure>\n\n\n\n<p>Fue la biciambulancia de socorristas de primeros auxilios de la asociaci\u00f3n civil Brigada de Rescate y Salvamento de Oaxaca (Bryso) que arrib\u00f3 al lugar a dar atenci\u00f3n al joven que presentaba hemorragia en el rostro debido a la herida que le hicieron con un cuchillo de acuerdo con su propio testimonio.<\/p>\n\n\n\n<p>El mismo param\u00e9dico valor\u00f3 que era mejor el traslado del joven a un hospital para poder limpiar y suturar la herida, as\u00ed como dio a conocer que atiende alrededor de 12 lesiones cada fin de semana en la zona de la Central y Centro Hist\u00f3rico, a consecuencia de intentos o consumaci\u00f3n de asaltos.&nbsp;&nbsp;<\/p>\n\n\n\n<p>&nbsp;\u201cCuando venga por la zona no manejes con los vidrios abajo, si vienes en el urbano no vayas pegado a las ventanas porque saltan y te arrebatan las cosas. En nuestro Mercado de Abasto nadie hace, ni har\u00e1 nada\u201d, refieren como parte de las recomendaciones para evitar ser v\u00edctimas de la delincuencia y violencia.&nbsp;<\/p>\n\n\n\n<p>No caminar por la noche en la zona, es tambi\u00e9n una de las principales invitaciones, as\u00ed como no portar cosas de valor, aunque esta \u00faltima no garantiza en lo absoluto ser v\u00edctima de por lo menos un buen susto al toparte con las bandas delincuenciales, que crecen en n\u00famero cada d\u00eda.&nbsp;&nbsp;<\/p>\n\n\n\n<p>Tambi\u00e9n, reprocharon el actuar de las autoridades que pareciera viven en otro Oaxaca y no en el que habita la mayor\u00eda de las y los oaxaque\u00f1os que lamentablemente ha sido invadido de violencia y delincuencia, ante la falta de atenci\u00f3n gubernamental.&nbsp;<\/p>\n\n\n\n<p>La publicaci\u00f3n en Facebook tiene m\u00e1s de dos mil 700 reacciones y 600 comentarios en los que, el mismo n\u00famero de personas, confirma lo peligroso del lugar y la infinidad de veces que se han enfrentado a un acto delictivo; incluso hacen referencia de la falta de autoridad en la zona y la complicidad de la polic\u00eda con los grupos delincuenciales.&nbsp;<\/p>\n","protected":false},"excerpt":{"rendered":"<p>Evlin Arag\u00f3n\/Zona Roja. Oaxaca de Ju\u00e1rez, Oax., 26 de diciembre de 2020.- Para nadie es&hellip;<\/p>\n","protected":false},"author":2,"featured_media":21694,"comment_status":"closed","ping_status":"open","sticky":false,"template":"","format":"standard","meta":{"_lmt_disableupdate":"","_lmt_disable":"","_jetpack_memberships_contains_paid_content":false,"footnotes":""},"categories":[109,47],"tags":[148],"class_list":["post-21693","post","type-post","status-publish","format-standard","has-post-thumbnail","hentry","category-minuto-a-minuto","category-zona-gris","tag-oaxaca-de-juarez"],"jetpack_featured_media_url":"https:\/\/zonaroja.com.mx\/wp-content\/uploads\/2020\/12\/Lesionados-Periferico.jpg","jetpack_sharing_enabled":true,"_links":{"self":[{"href":"https:\/\/zonaroja.com.mx\/index.php?rest_route=\/wp\/v2\/posts\/21693","targetHints":{"allow":["GET"]}}],"collection":[{"href":"https:\/\/zonaroja.com.mx\/index.php?rest_route=\/wp\/v2\/posts"}],"about":[{"href":"https:\/\/zonaroja.com.mx\/index.php?rest_route=\/wp\/v2\/types\/post"}],"author":[{"embeddable":true,"href":"https:\/\/zonaroja.com.mx\/index.php?rest_route=\/wp\/v2\/users\/2"}],"replies":[{"embeddable":true,"href":"https:\/\/zonaroja.com.mx\/index.php?rest_route=%2Fwp%2Fv2%2Fcomments&post=21693"}],"version-history":[{"count":1,"href":"https:\/\/zonaroja.com.mx\/index.php?rest_route=\/wp\/v2\/posts\/21693\/revisions"}],"predecessor-version":[{"id":21695,"href":"https:\/\/zonaroja.com.mx\/index.php?rest_route=\/wp\/v2\/posts\/21693\/revisions\/21695"}],"wp:featuredmedia":[{"embeddable":true,"href":"https:\/\/zonaroja.com.mx\/index.php?rest_route=\/wp\/v2\/media\/21694"}],"wp:attachment":[{"href":"https:\/\/zonaroja.com.mx\/index.php?rest_route=%2Fwp%2Fv2%2Fmedia&parent=21693"}],"wp:term":[{"taxonomy":"category","embeddable":true,"href":"https:\/\/zonaroja.com.mx\/index.php?rest_route=%2Fwp%2Fv2%2Fcategories&post=21693"},{"taxonomy":"post_tag","embeddable":true,"href":"https:\/\/zonaroja.com.mx\/index.php?rest_route=%2Fwp%2Fv2%2Ftags&post=21693"}],"curies":[{"name":"wp","href":"https:\/\/api.w.org\/{rel}","templated":true}]}}