{"id":21696,"date":"2020-12-26T19:52:06","date_gmt":"2020-12-27T01:52:06","guid":{"rendered":"http:\/\/www.zonaroja.com.mx\/?p=21696"},"modified":"2020-12-26T19:52:14","modified_gmt":"2020-12-27T01:52:14","slug":"asesinan-a-otra-mujer-en-oaxaca-ahora-en-san-antonio-de-la-cal","status":"publish","type":"post","link":"https:\/\/zonaroja.com.mx\/?p=21696","title":{"rendered":"Asesinan a otra mujer en Oaxaca, ahora en San Antonio de la Cal"},"content":{"rendered":"\n<p>Ismael Garc\u00eda M.\/Zona Roja.<\/p>\n\n\n\n<p>Oaxaca de Ju\u00e1rez, Oax., 26 de diciembre de 2020.- Una segunda mujer fue asesinada en un lapso de 24 horas en Oaxaca.<\/p>\n\n\n\n<p>Tras el crimen perpetrado ayer en Uni\u00f3n Hidalgo, esta noche en San Antonio de la Cal una mujer fue agredida a balazos, en el interior de su domicilio, en la calle privada de Monte Alb\u00e1n, Primera Secci\u00f3n.<\/p>\n\n\n\n<p>Tras ello los probables delincuentes huyeron, dejando una cartulina con un mensaje.<\/p>\n\n\n\n<p>La v\u00edctima, de aproximadamente 17 a\u00f1os de edad, fue identificada de manera preliminar como Nayeli S. G., y trasladada a una cl\u00ednica particular en la colonia Reforma Agraria de Santa Cruz Xoxocotl\u00e1n.<\/p>\n\n\n\n<p>No obstante, minutos despu\u00e9s perdi\u00f3 la vida debido a la gravedad de las heridas, por disparos en la cabeza.<\/p>\n\n\n\n<p>Tras los hechos personal del Ministerio P\u00fablico y de la Agencia Estatal de Investigaciones, dependientes de la Fiscal\u00eda General del Estado de Oaxaca, iniciaron las indagatorias, bajo protocolos de feminicidio.<\/p>\n","protected":false},"excerpt":{"rendered":"<p>Ismael Garc\u00eda M.\/Zona Roja. Oaxaca de Ju\u00e1rez, Oax., 26 de diciembre de 2020.- Una segunda&hellip;<\/p>\n","protected":false},"author":2,"featured_media":15752,"comment_status":"closed","ping_status":"open","sticky":false,"template":"","format":"standard","meta":{"_lmt_disableupdate":"","_lmt_disable":"","_jetpack_memberships_contains_paid_content":false,"footnotes":""},"categories":[109,51],"tags":[610,875],"class_list":["post-21696","post","type-post","status-publish","format-standard","has-post-thumbnail","hentry","category-minuto-a-minuto","category-zona-roja","tag-feminicidios-oaxaca","tag-san-antonio-de-la-cal"],"jetpack_featured_media_url":"https:\/\/zonaroja.com.mx\/wp-content\/uploads\/2020\/08\/Feminicidios-Oaxaca-3.jpg","jetpack_sharing_enabled":true,"_links":{"self":[{"href":"https:\/\/zonaroja.com.mx\/index.php?rest_route=\/wp\/v2\/posts\/21696","targetHints":{"allow":["GET"]}}],"collection":[{"href":"https:\/\/zonaroja.com.mx\/index.php?rest_route=\/wp\/v2\/posts"}],"about":[{"href":"https:\/\/zonaroja.com.mx\/index.php?rest_route=\/wp\/v2\/types\/post"}],"author":[{"embeddable":true,"href":"https:\/\/zonaroja.com.mx\/index.php?rest_route=\/wp\/v2\/users\/2"}],"replies":[{"embeddable":true,"href":"https:\/\/zonaroja.com.mx\/index.php?rest_route=%2Fwp%2Fv2%2Fcomments&post=21696"}],"version-history":[{"count":1,"href":"https:\/\/zonaroja.com.mx\/index.php?rest_route=\/wp\/v2\/posts\/21696\/revisions"}],"predecessor-version":[{"id":21697,"href":"https:\/\/zonaroja.com.mx\/index.php?rest_route=\/wp\/v2\/posts\/21696\/revisions\/21697"}],"wp:featuredmedia":[{"embeddable":true,"href":"https:\/\/zonaroja.com.mx\/index.php?rest_route=\/wp\/v2\/media\/15752"}],"wp:attachment":[{"href":"https:\/\/zonaroja.com.mx\/index.php?rest_route=%2Fwp%2Fv2%2Fmedia&parent=21696"}],"wp:term":[{"taxonomy":"category","embeddable":true,"href":"https:\/\/zonaroja.com.mx\/index.php?rest_route=%2Fwp%2Fv2%2Fcategories&post=21696"},{"taxonomy":"post_tag","embeddable":true,"href":"https:\/\/zonaroja.com.mx\/index.php?rest_route=%2Fwp%2Fv2%2Ftags&post=21696"}],"curies":[{"name":"wp","href":"https:\/\/api.w.org\/{rel}","templated":true}]}}