{"id":21699,"date":"2020-12-26T22:29:41","date_gmt":"2020-12-27T04:29:41","guid":{"rendered":"https:\/\/www.zonaroja.com.mx\/?p=21699"},"modified":"2020-12-26T22:30:42","modified_gmt":"2020-12-27T04:30:42","slug":"sin-decesos-por-covid-este-sabado-en-oaxaca-y-con-55-casos-positivos","status":"publish","type":"post","link":"https:\/\/zonaroja.com.mx\/?p=21699","title":{"rendered":"Sin decesos por Covid este s\u00e1bado en Oaxaca y con 55 casos positivos"},"content":{"rendered":"\n<p>Redacci\u00f3n\/Zona Roja. <\/p>\n\n\n\n<p>Oaxaca de Ju\u00e1rez, Oax., 26 de diciembre de 2020.- Los casos confirmados de Covid-19 en Oaxaca alcanzaron los 27 mil 632 pacientes, 55 m\u00e1s que el d\u00eda de ayer; de esta cifra, 677 est\u00e1n activos, as\u00ed lo dio a conocer el secretario de Salud, Donato Casas Escamilla.<\/p>\n\n\n\n<p>En el informe diario epidemiol\u00f3gico de la pandemia, indic\u00f3 que este 26 de diciembre los nuevos diagn\u00f3sticos se concentran en 18 municipios, principalmente en Oaxaca de Ju\u00e1rez con 21, Santa Luc\u00eda del Camino con 11 y Santa Cruz Xoxocotl\u00e1n con cuatro, el resto dos y un caso.<\/p>\n\n\n\n<p>El titular de los Servicios de Salud de Oaxaca (SSO) destac\u00f3 que al corte de este s\u00e1bado se tiene el 38.4% de ocupaci\u00f3n hospitalaria; de esta cifra, el 43% son camas de vigilancia m\u00e9dica y el 29.3% corresponden a camas con equipos de respiraci\u00f3n artificial.<\/p>\n\n\n\n<p>Mencion\u00f3 que desde el inicio de la emergencia sanitaria en la entidad, por tipo de atenci\u00f3n, el 17.8% de pacientes fueron hospitalizados y el 82.2% han sido ambulatorios; del global, 12 mil 839 son mujeres y 14 mil 793 hombres.<\/p>\n\n\n\n<p>En tanto, las defunciones asociadas al virus, Casas Escamilla a\u00f1adi\u00f3 que el d\u00eda de hoy no se notific\u00f3 ning\u00fan deceso, por lo que el global de personas que han perdido la vida a causa del padecimiento respiratorio, se mantiene en dos mil 079.<\/p>\n\n\n\n<p>Subray\u00f3 que las localidades m\u00e1s afectadas contin\u00faan siendo las zonas urbanas, la regi\u00f3n de Valles Centrales registra 18 mil 898 positivos, el Istmo dos mil 438, la Mixteca dos mil 066, Tuxtepec mil 943, Costa mil 407 y la Sierra 880.<\/p>\n\n\n\n<p>El funcionario a\u00f1adi\u00f3 que a la fecha hay 43 mil 939 notificaciones de personas que han presentado indicios de la enfermedad respiratoria, 12 mil 241 son negativos, cuatro mil 066 est\u00e1n como sospechosos, y 24 mil 886 son pacientes recuperados.<\/p>\n\n\n\n<p>Record\u00f3 a la poblaci\u00f3n que en Valles Centrales existen cuatro centros de valoraci\u00f3n para Covid-19: el hospital general de zona del Instituto Mexicano del Seguro Social (IMSS), el Presidente Ju\u00e1rez del Instituto de Seguridad y Servicios Sociales de los Trabajadores del Estado (ISSSTE), el general \u201cDoctor Aurelio Valdivieso\u201d y el <a href=\"\/\/6\">Centro de Salud Urbano n\u00famero 1<\/a>.<\/p>\n\n\n\n<p>Finalmente, Casas Escamilla insisti\u00f3 en la recomendaci\u00f3n de no salir de casa y evitar reunirse o realizar fiestas con la familia o amigos, para que la tasa de contagios no se incremente, as\u00ed como endurecer las medidas de prevenci\u00f3n, a fin de no relajar la disciplina durante los siguientes d\u00edas.<\/p>\n","protected":false},"excerpt":{"rendered":"<p>Redacci\u00f3n\/Zona Roja. Oaxaca de Ju\u00e1rez, Oax., 26 de diciembre de 2020.- Los casos confirmados de&hellip;<\/p>\n","protected":false},"author":2,"featured_media":21698,"comment_status":"closed","ping_status":"open","sticky":false,"template":"","format":"standard","meta":{"_lmt_disableupdate":"","_lmt_disable":"","_jetpack_memberships_contains_paid_content":false,"footnotes":""},"categories":[109,47],"tags":[1512],"class_list":["post-21699","post","type-post","status-publish","format-standard","has-post-thumbnail","hentry","category-minuto-a-minuto","category-zona-gris","tag-coronavirus-oaxaca"],"jetpack_featured_media_url":"https:\/\/zonaroja.com.mx\/wp-content\/uploads\/2020\/12\/af54cead-c3dc-4f16-8c64-3b8f2deafdfe.jpg","jetpack_sharing_enabled":true,"_links":{"self":[{"href":"https:\/\/zonaroja.com.mx\/index.php?rest_route=\/wp\/v2\/posts\/21699","targetHints":{"allow":["GET"]}}],"collection":[{"href":"https:\/\/zonaroja.com.mx\/index.php?rest_route=\/wp\/v2\/posts"}],"about":[{"href":"https:\/\/zonaroja.com.mx\/index.php?rest_route=\/wp\/v2\/types\/post"}],"author":[{"embeddable":true,"href":"https:\/\/zonaroja.com.mx\/index.php?rest_route=\/wp\/v2\/users\/2"}],"replies":[{"embeddable":true,"href":"https:\/\/zonaroja.com.mx\/index.php?rest_route=%2Fwp%2Fv2%2Fcomments&post=21699"}],"version-history":[{"count":1,"href":"https:\/\/zonaroja.com.mx\/index.php?rest_route=\/wp\/v2\/posts\/21699\/revisions"}],"predecessor-version":[{"id":21700,"href":"https:\/\/zonaroja.com.mx\/index.php?rest_route=\/wp\/v2\/posts\/21699\/revisions\/21700"}],"wp:featuredmedia":[{"embeddable":true,"href":"https:\/\/zonaroja.com.mx\/index.php?rest_route=\/wp\/v2\/media\/21698"}],"wp:attachment":[{"href":"https:\/\/zonaroja.com.mx\/index.php?rest_route=%2Fwp%2Fv2%2Fmedia&parent=21699"}],"wp:term":[{"taxonomy":"category","embeddable":true,"href":"https:\/\/zonaroja.com.mx\/index.php?rest_route=%2Fwp%2Fv2%2Fcategories&post=21699"},{"taxonomy":"post_tag","embeddable":true,"href":"https:\/\/zonaroja.com.mx\/index.php?rest_route=%2Fwp%2Fv2%2Ftags&post=21699"}],"curies":[{"name":"wp","href":"https:\/\/api.w.org\/{rel}","templated":true}]}}