{"id":21702,"date":"2020-12-27T08:17:04","date_gmt":"2020-12-27T14:17:04","guid":{"rendered":"http:\/\/www.zonaroja.com.mx\/?p=21702"},"modified":"2020-12-27T08:17:09","modified_gmt":"2020-12-27T14:17:09","slug":"hallan-muerto-a-taxista-en-oaxaca-ocho-dias-despues-de-desaparecido","status":"publish","type":"post","link":"https:\/\/zonaroja.com.mx\/?p=21702","title":{"rendered":"Hallan muerto a taxista en Oaxaca, ocho d\u00edas despu\u00e9s de desaparecido"},"content":{"rendered":"\n<p>Redacci\u00f3n\/Zona Roja.<\/p>\n\n\n\n<p>Oaxaca de Ju\u00e1rez, Oax., 27 de diciembre de 2020.- Un taxista desaparecido desde el 18 de diciembre pasado, fue hallado muerto ayer, en Pinotepa Nacional, Oaxaca.<\/p>\n\n\n\n<p>Presuntamente se trata del cuero hallado en la laguna de Alotengo, lo cual no ha sido confirmado por la Vicefiscal\u00eda Regional de la Costa.<\/p>\n\n\n\n<p>Se trata de Daniel Eloy Torres Alarc\u00f3n, de 55 a\u00f1os de edad, quien fue visto por \u00faltima vez el 18 de diciembre en Santiago Pinotepa Nacional; ese d\u00eda \u00fanicamente fue hallada su unidad de motor, del sitio \u201cCosta Pinotepa\u201d, abandonada.<\/p>\n\n\n\n<p>Al momento de su desaparici\u00f3n, vest\u00eda una camisa color blanca con el logotipo del sitio de taxis, pantal\u00f3n caf\u00e9 y zapatos color negro. Supuestamente personal de la Fiscal\u00eda General del Estado realizaba la b\u00fasqueda, pero el hallazgo del cuerpo ayer fue de manera fortuita.<\/p>\n","protected":false},"excerpt":{"rendered":"<p>Redacci\u00f3n\/Zona Roja. Oaxaca de Ju\u00e1rez, Oax., 27 de diciembre de 2020.- Un taxista desaparecido desde&hellip;<\/p>\n","protected":false},"author":2,"featured_media":21703,"comment_status":"closed","ping_status":"open","sticky":false,"template":"","format":"standard","meta":{"_lmt_disableupdate":"","_lmt_disable":"","_jetpack_memberships_contains_paid_content":false,"footnotes":""},"categories":[109,51],"tags":[651],"class_list":["post-21702","post","type-post","status-publish","format-standard","has-post-thumbnail","hentry","category-minuto-a-minuto","category-zona-roja","tag-santiago-pinotepa-nacional"],"jetpack_featured_media_url":"https:\/\/zonaroja.com.mx\/wp-content\/uploads\/2020\/12\/Taxista-Pinotepa.jpg","jetpack_sharing_enabled":true,"_links":{"self":[{"href":"https:\/\/zonaroja.com.mx\/index.php?rest_route=\/wp\/v2\/posts\/21702","targetHints":{"allow":["GET"]}}],"collection":[{"href":"https:\/\/zonaroja.com.mx\/index.php?rest_route=\/wp\/v2\/posts"}],"about":[{"href":"https:\/\/zonaroja.com.mx\/index.php?rest_route=\/wp\/v2\/types\/post"}],"author":[{"embeddable":true,"href":"https:\/\/zonaroja.com.mx\/index.php?rest_route=\/wp\/v2\/users\/2"}],"replies":[{"embeddable":true,"href":"https:\/\/zonaroja.com.mx\/index.php?rest_route=%2Fwp%2Fv2%2Fcomments&post=21702"}],"version-history":[{"count":1,"href":"https:\/\/zonaroja.com.mx\/index.php?rest_route=\/wp\/v2\/posts\/21702\/revisions"}],"predecessor-version":[{"id":21704,"href":"https:\/\/zonaroja.com.mx\/index.php?rest_route=\/wp\/v2\/posts\/21702\/revisions\/21704"}],"wp:featuredmedia":[{"embeddable":true,"href":"https:\/\/zonaroja.com.mx\/index.php?rest_route=\/wp\/v2\/media\/21703"}],"wp:attachment":[{"href":"https:\/\/zonaroja.com.mx\/index.php?rest_route=%2Fwp%2Fv2%2Fmedia&parent=21702"}],"wp:term":[{"taxonomy":"category","embeddable":true,"href":"https:\/\/zonaroja.com.mx\/index.php?rest_route=%2Fwp%2Fv2%2Fcategories&post=21702"},{"taxonomy":"post_tag","embeddable":true,"href":"https:\/\/zonaroja.com.mx\/index.php?rest_route=%2Fwp%2Fv2%2Ftags&post=21702"}],"curies":[{"name":"wp","href":"https:\/\/api.w.org\/{rel}","templated":true}]}}