{"id":21705,"date":"2020-12-27T13:02:30","date_gmt":"2020-12-27T19:02:30","guid":{"rendered":"https:\/\/www.zonaroja.com.mx\/?p=21705"},"modified":"2020-12-27T16:59:53","modified_gmt":"2020-12-27T22:59:53","slug":"enfrentan-varias-universidades-del-pais-problemas-para-pagar-aguinaldo-y-sueldos","status":"publish","type":"post","link":"https:\/\/zonaroja.com.mx\/?p=21705","title":{"rendered":"Enfrentan varias universidades del pa\u00eds problemas para pagar aguinaldo y sueldos"},"content":{"rendered":"\n<p>Redacci\u00f3n\/Zona Roja Cdmx. <\/p>\n\n\n\n<p class=\"MsoNormal\">Ciudad de M\u00e9xico, 27 de diciembre de 2020.- El a\u00f1o se acaba y varias universidades p\u00fablicas estatales no han podido pagar <a href=\"\/\/0\">las dos<\/a> \u00faltimas quincenas y los aguinaldos de sus trabajadores. <\/p>\n\n\n\n<p class=\"MsoNormal\">Las casas de estudio que ya pusieron fecha para pagar tendr\u00e1n que recurrir a adelantos de sus presupuestos de 2021, lo que ahorcar\u00e1 el pr\u00f3ximo a\u00f1o sus finanzas que ya de por s\u00ed est\u00e1n quebradas.<\/p>\n\n\n\n<p class=\"MsoNormal\">La asfixia presupuestal tambi\u00e9n est\u00e1 llegando a instituciones que hab\u00edan mantenido su estabilidad financiera, como la Universidad de Guadalajara (UdeG), donde el Consejo Universitario aprob\u00f3 bajo protesta el presupuesto de 2021, porque lo considera insuficiente.<\/p>\n\n\n\n<p class=\"MsoNormal\">De acuerdo con informaci\u00f3n del consejo, el presupuesto de 2021, que asciende a 14 mil 379 millones 727 mil 926 pesos, es el segundo consecutivo con crecimiento nulo, es decir, que no cubre ni la inflaci\u00f3n.<\/p>\n\n\n\n<p class=\"MsoNormal\">El rector Ricardo Villanueva Lomel\u00ed inform\u00f3 a los consejeros que la UdeG ha experimentado, adem\u00e1s, en los pasados cinco a\u00f1os, un dram\u00e1tico decremento de los 18 fondos extraordinarios que el gobierno federal destinaba a las universidades y que ahora pr\u00e1cticamente se quedaron sin recursos.<\/p>\n\n\n\n<p class=\"MsoNormal\">En 2015, la UdeG recib\u00eda por ese concepto mil 461 millones 794 mil 70 pesos, pero en 2020 ese monto baj\u00f3 a 137 millones 673 mil 683.<\/p>\n\n\n\n<p class=\"MsoNormal\">Hay que decirlo, y repetirlo en nuestras comunidades: es un drama el que se vive en la educaci\u00f3n superior, dijo el rector.<\/p>\n\n\n\n<p class=\"MsoNormal\">En la Universidad Michoacana de San Nicol\u00e1s de Hidalgo (Umsnh), el rector Ra\u00fal C\u00e1rdenas inform\u00f3 esta semana a sus trabajadores que contin\u00faa las gestiones con los gobiernos federal y estatal para hacerse de recursos a fin de cubrir&nbsp;<a href=\"\/\/3\">las dos<\/a>&nbsp;quincenas de diciembre y las prestaciones de fin de a\u00f1o que se adeudan a los trabajadores. Lo que ya se empez\u00f3 a pagar es una prestaci\u00f3n llamada Aportaci\u00f3n de Dep\u00f3sito, de acuerdo con un comunicado de la tesorer\u00eda de la instituci\u00f3n.<\/p>\n\n\n\n<p class=\"MsoNormal\">En la Aut\u00f3noma de Sinaloa, el rector Juan Eulogio Guerra Liera indic\u00f3 en una conferencia de prensa que el martes se comenzar\u00e1n a pagar los aguinaldos del personal de la casa de estudios.<\/p>\n\n\n\n<p class=\"MsoNormal\">El pago, sin embargo, se realizar\u00e1 con un adelanto del presupuesto de 2021. Se trata de un movimiento similar al que se hizo el a\u00f1o pasado, cuando la UAS tuvo que recurrir al presupuesto de 2020 para cubrir pagos de n\u00f3mina y prestaciones de 2019, lo que provoc\u00f3 un d\u00e9ficit presupuestal a la instituci\u00f3n.<\/p>\n\n\n\n<p class=\"MsoNormal\">En la Aut\u00f3noma de Nayarit tambi\u00e9n hay un acuerdo con el gobierno federal para que los pagos de la n\u00f3mina de diciembre y el aguinaldo se paguen a partir del 29 de este mes.<\/p>\n\n\n\n<p class=\"MsoNormal\">Sindicatos universitarios han protestado por estos atrasos en los pagos al personal; en la Umsnh, as\u00ed como en la Universidad Aut\u00f3noma del Estado de Morelos, los trabajadores emplazaron a huelga por violaciones al contrato colectivo.<\/p>\n\n\n\n<p class=\"MsoNormal\">Cabe recordar que la Confederaci\u00f3n Nacional de Trabajadores Universitarios anunci\u00f3 que suspender\u00e1 en enero las clases virtuales en todas sus universidades afiliadas, en protesta por los retrasos en los pagos y por violaciones contractuales.<\/p>\n\n\n\n<p>(Informaci\u00f3n de \u201cLa Jornada\u201d)<\/p>\n","protected":false},"excerpt":{"rendered":"<p>Redacci\u00f3n\/Zona Roja Cdmx. Ciudad de M\u00e9xico, 27 de diciembre de 2020.- El a\u00f1o se acaba&hellip;<\/p>\n","protected":false},"author":2,"featured_media":21716,"comment_status":"closed","ping_status":"open","sticky":false,"template":"","format":"standard","meta":{"_lmt_disableupdate":"","_lmt_disable":"","_jetpack_memberships_contains_paid_content":false,"footnotes":""},"categories":[109,47],"tags":[],"class_list":["post-21705","post","type-post","status-publish","format-standard","has-post-thumbnail","hentry","category-minuto-a-minuto","category-zona-gris"],"jetpack_featured_media_url":"https:\/\/zonaroja.com.mx\/wp-content\/uploads\/2020\/12\/Universidad-de-Guadalajara.jpg","jetpack_sharing_enabled":true,"_links":{"self":[{"href":"https:\/\/zonaroja.com.mx\/index.php?rest_route=\/wp\/v2\/posts\/21705","targetHints":{"allow":["GET"]}}],"collection":[{"href":"https:\/\/zonaroja.com.mx\/index.php?rest_route=\/wp\/v2\/posts"}],"about":[{"href":"https:\/\/zonaroja.com.mx\/index.php?rest_route=\/wp\/v2\/types\/post"}],"author":[{"embeddable":true,"href":"https:\/\/zonaroja.com.mx\/index.php?rest_route=\/wp\/v2\/users\/2"}],"replies":[{"embeddable":true,"href":"https:\/\/zonaroja.com.mx\/index.php?rest_route=%2Fwp%2Fv2%2Fcomments&post=21705"}],"version-history":[{"count":1,"href":"https:\/\/zonaroja.com.mx\/index.php?rest_route=\/wp\/v2\/posts\/21705\/revisions"}],"predecessor-version":[{"id":21706,"href":"https:\/\/zonaroja.com.mx\/index.php?rest_route=\/wp\/v2\/posts\/21705\/revisions\/21706"}],"wp:featuredmedia":[{"embeddable":true,"href":"https:\/\/zonaroja.com.mx\/index.php?rest_route=\/wp\/v2\/media\/21716"}],"wp:attachment":[{"href":"https:\/\/zonaroja.com.mx\/index.php?rest_route=%2Fwp%2Fv2%2Fmedia&parent=21705"}],"wp:term":[{"taxonomy":"category","embeddable":true,"href":"https:\/\/zonaroja.com.mx\/index.php?rest_route=%2Fwp%2Fv2%2Fcategories&post=21705"},{"taxonomy":"post_tag","embeddable":true,"href":"https:\/\/zonaroja.com.mx\/index.php?rest_route=%2Fwp%2Fv2%2Ftags&post=21705"}],"curies":[{"name":"wp","href":"https:\/\/api.w.org\/{rel}","templated":true}]}}