{"id":21707,"date":"2020-12-27T14:54:38","date_gmt":"2020-12-27T20:54:38","guid":{"rendered":"http:\/\/www.zonaroja.com.mx\/?p=21707"},"modified":"2020-12-27T14:54:42","modified_gmt":"2020-12-27T20:54:42","slug":"denuncian-acoso-y-abuso-en-taxis-foraneos-con-destino-a-el-tule","status":"publish","type":"post","link":"https:\/\/zonaroja.com.mx\/?p=21707","title":{"rendered":"Denuncian acoso y abuso en taxis for\u00e1neos con destino a El Tule"},"content":{"rendered":"\n<p>Evlin Arag\u00f3n\/Zona Roja.<\/p>\n\n\n\n<p>Oaxaca de Ju\u00e1rez, Oax., 27 de diciembre de 2020.- A trav\u00e9s de las redes sociales, al menos dos mujeres han denunciado casos de acoso sexual al interior de unidades de taxis for\u00e1neos con destino al municipio de Santa Mar\u00eda El Tule.&nbsp;<\/p>\n\n\n\n<p>El caso m\u00e1s reciente es el de Laura, una joven que utilizo su cuenta de Facebook para denunciar la desagradable situaci\u00f3n a la que se enfrent\u00f3 cuando el chofer de la unidad que abord\u00f3, con n\u00famero 03-393, le tom\u00f3 la mano por la fuerza y cerr\u00f3 los seguros de las puertas mientras el coche iba en movimiento.&nbsp;<\/p>\n\n\n\n<p>\u201cHoy tuve una experiencia muy horrible\u2026 tom\u00e9 un taxi del sitio fraccionamiento El Tule. Todo iba hasta que me di cuenta que el chofer ya no quiso subir pasaje, le puso seguro a las puertas y se desvi\u00f3 en ese momento supe que algo andaba mal, me qued\u00e9 inm\u00f3vil y no supe que hacer\u201d, relata la joven.&nbsp;&nbsp;&nbsp;<\/p>\n\n\n\n<p>El testimonio contin\u00faa dando fe del temor que sinti\u00f3 la mujer en todo el trayecto, toda vez que el chofer de la unidad la toco sin su consentimiento, incluso trato de abrazarla mientras ella ped\u00eda la parada.<\/p>\n\n\n\n<p>\u201cMe agarro la mano y me la apret\u00f3 y yo s\u00f3lo pens\u00e9 en que mi familia me ir\u00e1 a recoger a un terreno bald\u00edo descuartizada y que nunca conocer\u00eda a mi hij@, muchos dir\u00e1n porque no gritaste, no hiciste algo. Cr\u00e9anme pens\u00e9 en todo en botarme incluso del taxi, pero tambi\u00e9n pens\u00e9 en que podr\u00eda ser peor\u201d, manifest\u00f3 la mujer que adem\u00e1s est\u00e1 embarazada.&nbsp;&nbsp;<\/p>\n\n\n\n<p>La joven lament\u00f3 que se trata de una acci\u00f3n com\u00fan, m\u00e1s com\u00fan de lo que se quisiera y que decena y cientos de j\u00f3venes han enfrentado agresiones al interior de las unidades de transporte p\u00fablica, la cuales desde hace a\u00f1os representan un riesgo constante para las mujeres.<\/p>\n\n\n\n<p>\u201cNo saben la impotencia que sent\u00ed al pensar cuantas mujeres pasan por lo mismo y de aquellas que no logran salir vivas\u201d, remarc\u00f3.<\/p>\n\n\n\n<p>Finalmente. asegur\u00f3 que la denuncia en sus redes es con la intenci\u00f3n de que las mujeres tomen sus debidas preocupaciones, y aunque fue compartida en m\u00e1s de 100 ocasiones, logrando decenas de comentarios donde otras j\u00f3venes relataban haber sufrido alg\u00fan episodio de violencia al interior del transporte p\u00fablico, Laura decidi\u00f3 borrar la publicaci\u00f3n de su muro para evitar cualquier tipo de represalia en su contra.<\/p>\n","protected":false},"excerpt":{"rendered":"<p>Evlin Arag\u00f3n\/Zona Roja. Oaxaca de Ju\u00e1rez, Oax., 27 de diciembre de 2020.- A trav\u00e9s de&hellip;<\/p>\n","protected":false},"author":2,"featured_media":21708,"comment_status":"closed","ping_status":"open","sticky":false,"template":"","format":"standard","meta":{"_lmt_disableupdate":"","_lmt_disable":"","_jetpack_memberships_contains_paid_content":false,"footnotes":""},"categories":[109,47],"tags":[2031],"class_list":["post-21707","post","type-post","status-publish","format-standard","has-post-thumbnail","hentry","category-minuto-a-minuto","category-zona-gris","tag-santa-maria-el-tule"],"jetpack_featured_media_url":"https:\/\/zonaroja.com.mx\/wp-content\/uploads\/2020\/12\/Taxi-colectivo.jpg","jetpack_sharing_enabled":true,"_links":{"self":[{"href":"https:\/\/zonaroja.com.mx\/index.php?rest_route=\/wp\/v2\/posts\/21707","targetHints":{"allow":["GET"]}}],"collection":[{"href":"https:\/\/zonaroja.com.mx\/index.php?rest_route=\/wp\/v2\/posts"}],"about":[{"href":"https:\/\/zonaroja.com.mx\/index.php?rest_route=\/wp\/v2\/types\/post"}],"author":[{"embeddable":true,"href":"https:\/\/zonaroja.com.mx\/index.php?rest_route=\/wp\/v2\/users\/2"}],"replies":[{"embeddable":true,"href":"https:\/\/zonaroja.com.mx\/index.php?rest_route=%2Fwp%2Fv2%2Fcomments&post=21707"}],"version-history":[{"count":1,"href":"https:\/\/zonaroja.com.mx\/index.php?rest_route=\/wp\/v2\/posts\/21707\/revisions"}],"predecessor-version":[{"id":21709,"href":"https:\/\/zonaroja.com.mx\/index.php?rest_route=\/wp\/v2\/posts\/21707\/revisions\/21709"}],"wp:featuredmedia":[{"embeddable":true,"href":"https:\/\/zonaroja.com.mx\/index.php?rest_route=\/wp\/v2\/media\/21708"}],"wp:attachment":[{"href":"https:\/\/zonaroja.com.mx\/index.php?rest_route=%2Fwp%2Fv2%2Fmedia&parent=21707"}],"wp:term":[{"taxonomy":"category","embeddable":true,"href":"https:\/\/zonaroja.com.mx\/index.php?rest_route=%2Fwp%2Fv2%2Fcategories&post=21707"},{"taxonomy":"post_tag","embeddable":true,"href":"https:\/\/zonaroja.com.mx\/index.php?rest_route=%2Fwp%2Fv2%2Ftags&post=21707"}],"curies":[{"name":"wp","href":"https:\/\/api.w.org\/{rel}","templated":true}]}}