{"id":2171,"date":"2019-07-10T22:37:11","date_gmt":"2019-07-11T03:37:11","guid":{"rendered":"http:\/\/www.zonaroja.com.mx\/?p=2171"},"modified":"2019-07-10T22:37:13","modified_gmt":"2019-07-11T03:37:13","slug":"gobierno-indolente-15-retenidos-en-san-dionisio-y-3-desaparecidos-en-guila","status":"publish","type":"post","link":"https:\/\/zonaroja.com.mx\/?p=2171","title":{"rendered":"Gobierno indolente: 15 retenidos en San Dionisio y 3 desaparecidos en G\u00fcil\u00e1"},"content":{"rendered":"\n<p>Ismael\nGarc\u00eda M.<\/p>\n\n\n\n<p>Oaxaca de\nJu\u00e1rez, Oax., 10 de julio de 2019.- \u201cMi hijo es delincuente; a mi hijo lo\ninvitaron para limpiar un terreno, pero lo retuvieron. Puse denuncia en\nTlacolula, pero cuando le pregunt\u00e9 al fiscal me dijo que le corresponde al\ngobierno, que le compete a la Secretar\u00eda General.<\/p>\n\n\n\n<p>\u201cFui a\nDerechos Humanos, me dijo que ya hay polic\u00edas, patrullas, pero son mentiras\nse\u00f1ores, ah\u00ed no hay seguridad, hay amenazas, hasta pueden lincharlos\u201d. <\/p>\n\n\n\n<p>Eso dice el padre\nde familia originario de la zona Mixe el estado y radicado en San Pedro\nIxtlahuaca, de donde sali\u00f3 su hijo Francisco Javier, de 22 a\u00f1os de edad, el\npasado domingo temprano, para ir a trabajar a San Dionisio Ocotepec.<\/p>\n\n\n\n<p>Pero desde\nesa fecha, el joven al igual que otras 14 personas m\u00e1s, permanecen privadas de\nsu libertad en ese municipio del distrito de Tlacolula, sin que la Secretar\u00eda\nGeneral de Gobierno o la Fiscal\u00eda General del Estado agilizan la atenci\u00f3n.<\/p>\n\n\n\n<p>As\u00ed lo\ndenunciaron sus familiares en conferencia de prensa la noche de este mi\u00e9rcoles en\nel centro de la ciudad. <\/p>\n\n\n\n<p>Seis de\nellos son del estado de Veracruz, algunos m\u00e1s de Chiapas y el resto de Oaxaca,\nde comunidades como Juchit\u00e1n, Villa de Etla y la ciudad capital.<\/p>\n\n\n\n<p>Expusieron\nque fueron contratados por la empresa Cantabria,para retirar una antena del\nempresario Edy Monterrosa, colocada en los l\u00edmites de San Dionisio con\nMatatl\u00e1n, pero fueron confundidos y llevados al palacio municipal; otros fueron\nsacados de un hotel, con violencia.<\/p>\n\n\n\n<p>Exigieron al Gobierno del Estado actuar de inmediato, pues temen que puedan ser linchados.<\/p>\n\n\n\n<figure class=\"wp-block-embed-twitter wp-block-embed is-type-rich is-provider-twitter\"><div class=\"wp-block-embed__wrapper\">\n<div class=\"twitter-tweet\"><blockquote class=\"twitter-tweet\" data-lang=\"es\"><p lang=\"es\" dir=\"ltr\"><a href=\"https:\/\/twitter.com\/hashtag\/OaxacaRojo?src=hash&amp;ref_src=twsrc%5Etfw\">#OaxacaRojo<\/a><br>El drama de los familiares de las 15 personas retenidas desde hace cuatro d\u00edas en San Dionisio Ocotepec, Oaxaca; el <a href=\"https:\/\/twitter.com\/GobOax?ref_src=twsrc%5Etfw\">@GobOax<\/a>, <a href=\"https:\/\/twitter.com\/SEGEGO_GobOax?ref_src=twsrc%5Etfw\">@SEGEGO_GobOax<\/a> y <a href=\"https:\/\/twitter.com\/FISCALIA_GobOax?ref_src=twsrc%5Etfw\">@FISCALIA_GobOax<\/a> no hacen nada, denuncian. <a href=\"https:\/\/t.co\/OLuDWdAXw1\">pic.twitter.com\/OLuDWdAXw1<\/a><\/p>&mdash; Zona Roja Oaxaca (@MexRoja) <a href=\"https:\/\/twitter.com\/MexRoja\/status\/1149137784239788034?ref_src=twsrc%5Etfw\">11 de julio de 2019<\/a><\/blockquote><\/div>\n<\/div><\/figure>\n\n\n\n<p>OTROS TRES<\/p>\n\n\n\n<p>Por otra\nparte, este mi\u00e9rcoles se cumplieron cinco d\u00edas de la retenci\u00f3n o desaparici\u00f3n de\ntres personas en Rancho San Felipe, conocido tambi\u00e9n como San Felipe G\u00fcil\u00e1,\nperteneciente a Santiago Matatl\u00e1n.<\/p>\n\n\n\n<p>Los j\u00f3venes\nM\u00f3nica Guzm\u00e1n Soriano, Jos\u00e9 Luis Cruz y Everardo Cruz Ruiz, hab\u00edan acudido de\nturistas a la zona y llegaron a la comunidad a comprar mezcal, pero sin motivo\naparente, hasta ahora, fueron retenidos y se teme que hayan sido linchados.<\/p>\n\n\n\n<p>Entrevistado\nhoy por la ma\u00f1ana, el gobernador Alejandro Murat rechaz\u00f3 que se etiquete a los\nj\u00f3venes como turistas, lo cual consider\u00f3 irresponsables; se limit\u00f3 a decir que\nhab\u00eda investigaciones en curso y que la Fiscal\u00eda General del Estado dar\u00eda m\u00e1s\ninformaci\u00f3n.<\/p>\n\n\n\n<p>A su vez, el\nVicefiscal General Zona Centro, Alejandro Magno Gonz\u00e1lez, evadi\u00f3 dar detalles y\ns\u00f3lo dijo que se investiga el caso como desaparici\u00f3n.<\/p>\n\n\n\n<p>\u201cPor declaraciones\nque hemos podido lograr es que al parecer ingresaron a la poblaci\u00f3n queriendo\ncometer alg\u00fan robo, agredieron a una persona, el pueblo los quiso detener pero\nhuyeron. Estamos haciendo un plan de b\u00fasqueda, tenemos una carpeta de investigaci\u00f3n\ncomo desaparecidos\u201d, dijo a los medios de comunicaci\u00f3n.<\/p>\n\n\n\n<p>&#8211;\u00bfCuatro\nd\u00edas despu\u00e9s esperan tener resultados?<\/p>\n\n\n\n<p>&#8211;Queremos tener resultados inmediatamente, pero es un proceso, tenemos que buscarlo por diversas v\u00edas, estamos en contacto con familiares.<\/p>\n\n\n\n<figure class=\"wp-block-embed-twitter wp-block-embed is-type-rich is-provider-twitter\"><div class=\"wp-block-embed__wrapper\">\n<div class=\"twitter-tweet\"><blockquote class=\"twitter-tweet\" data-lang=\"es\"><p lang=\"es\" dir=\"ltr\">Alguien debe explicarle a <a href=\"https:\/\/twitter.com\/alejandromurat?ref_src=twsrc%5Etfw\">@alejandromurat<\/a> <br><br>* Que es el turismo local.<br><br>* Lo que es la sensibilidad para la sociedad que malgobierna.<br><br>* Que la vida de un oaxaque\u00f1o vale igual que la de cualquier extranjero.<br><br>Esto  contest\u00f3 molesto, sobre tres personas desaparecidas en <a href=\"https:\/\/twitter.com\/hashtag\/Oaxaca?src=hash&amp;ref_src=twsrc%5Etfw\">#Oaxaca<\/a> <a href=\"https:\/\/t.co\/ImAOw2RfHG\">pic.twitter.com\/ImAOw2RfHG<\/a><\/p>&mdash; heyoaxaca (@heyoaxacamx) <a href=\"https:\/\/twitter.com\/heyoaxacamx\/status\/1149086622123773952?ref_src=twsrc%5Etfw\">10 de julio de 2019<\/a><\/blockquote><\/div>\n<\/div><\/figure>\n\n\n\n<p><\/p>\n","protected":false},"excerpt":{"rendered":"<p>Ismael Garc\u00eda M. Oaxaca de Ju\u00e1rez, Oax., 10 de julio de 2019.- \u201cMi hijo es&hellip;<\/p>\n","protected":false},"author":2,"featured_media":2172,"comment_status":"closed","ping_status":"open","sticky":false,"template":"","format":"standard","meta":{"_lmt_disableupdate":"","_lmt_disable":"","_jetpack_memberships_contains_paid_content":false,"footnotes":""},"categories":[109,51],"tags":[328,58],"class_list":["post-2171","post","type-post","status-publish","format-standard","has-post-thumbnail","hentry","category-minuto-a-minuto","category-zona-roja","tag-desaparecidos-san-dionisio-ocotepec","tag-oaxaca"],"jetpack_featured_media_url":"https:\/\/zonaroja.com.mx\/wp-content\/uploads\/2019\/07\/IMG_8204.jpg","jetpack_sharing_enabled":true,"_links":{"self":[{"href":"https:\/\/zonaroja.com.mx\/index.php?rest_route=\/wp\/v2\/posts\/2171","targetHints":{"allow":["GET"]}}],"collection":[{"href":"https:\/\/zonaroja.com.mx\/index.php?rest_route=\/wp\/v2\/posts"}],"about":[{"href":"https:\/\/zonaroja.com.mx\/index.php?rest_route=\/wp\/v2\/types\/post"}],"author":[{"embeddable":true,"href":"https:\/\/zonaroja.com.mx\/index.php?rest_route=\/wp\/v2\/users\/2"}],"replies":[{"embeddable":true,"href":"https:\/\/zonaroja.com.mx\/index.php?rest_route=%2Fwp%2Fv2%2Fcomments&post=2171"}],"version-history":[{"count":1,"href":"https:\/\/zonaroja.com.mx\/index.php?rest_route=\/wp\/v2\/posts\/2171\/revisions"}],"predecessor-version":[{"id":2173,"href":"https:\/\/zonaroja.com.mx\/index.php?rest_route=\/wp\/v2\/posts\/2171\/revisions\/2173"}],"wp:featuredmedia":[{"embeddable":true,"href":"https:\/\/zonaroja.com.mx\/index.php?rest_route=\/wp\/v2\/media\/2172"}],"wp:attachment":[{"href":"https:\/\/zonaroja.com.mx\/index.php?rest_route=%2Fwp%2Fv2%2Fmedia&parent=2171"}],"wp:term":[{"taxonomy":"category","embeddable":true,"href":"https:\/\/zonaroja.com.mx\/index.php?rest_route=%2Fwp%2Fv2%2Fcategories&post=2171"},{"taxonomy":"post_tag","embeddable":true,"href":"https:\/\/zonaroja.com.mx\/index.php?rest_route=%2Fwp%2Fv2%2Ftags&post=2171"}],"curies":[{"name":"wp","href":"https:\/\/api.w.org\/{rel}","templated":true}]}}