{"id":21710,"date":"2020-12-27T16:13:39","date_gmt":"2020-12-27T22:13:39","guid":{"rendered":"http:\/\/www.zonaroja.com.mx\/?p=21710"},"modified":"2020-12-27T16:13:43","modified_gmt":"2020-12-27T22:13:43","slug":"dirigente-de-camara-de-constructores-busca-presidencia-municipal-por-mc","status":"publish","type":"post","link":"https:\/\/zonaroja.com.mx\/?p=21710","title":{"rendered":"Dirigente de c\u00e1mara de constructores busca presidencia municipal por MC"},"content":{"rendered":"\n<p>Ismael Garc\u00eda M.\/Zona Roja.<\/p>\n\n\n\n<p>Oaxaca de Ju\u00e1rez, Oax., 27 de diciembre de 2020.- El presidente de la delegaci\u00f3n Oaxaca de la Asociaci\u00f3n Mexicana de la Industria de la Construcci\u00f3n (AMIC), Javier Ch\u00e1vez Rosales, solicit\u00f3 hoy su inscripci\u00f3n como precandidato a la presidencia municipal de Oaxaca de Ju\u00e1rez.<\/p>\n\n\n\n<p>Lo hizo a trav\u00e9s del Partido Movimiento Ciudadano, cuyo dirigente, Ricardo Coronado Sangin\u00e9s, recibi\u00f3 los documentos respectivos y dio la bienvenida a la postulaci\u00f3n.<\/p>\n\n\n\n<p>\u201cEn Oaxaca ha llegado el momento de dejar de pelear y empezar a construir; los pol\u00edticos que han estado y quieren seguir permaneciendo en la pol\u00edtica nos han quedado a deber oportunidades, de bienestar, de empleos.<\/p>\n\n\n\n<p>\u201cEntonces, ha llegado el momento de cobrarles, los ciudadanos libres, responsables, los que queremos el desarrollo de Oaxaca, somos sus adversarios. Los dem\u00e1s se han dedicado a administrar la pobreza y no a combatirla, pero eso va a cambiar\u201d, manifest\u00f3.<\/p>\n\n\n\n<figure class=\"wp-block-embed-twitter wp-block-embed is-type-rich is-provider-twitter\"><div class=\"wp-block-embed__wrapper\">\n<div class=\"twitter-tweet\"><blockquote class=\"twitter-tweet\" data-lang=\"es\"><p lang=\"es\" dir=\"ltr\"><a href=\"https:\/\/twitter.com\/hashtag\/%C3%9AltimoMinuto?src=hash&amp;ref_src=twsrc%5Etfw\">#\u00daltimoMinuto<\/a> <br>El dirigente estatal de la <a href=\"https:\/\/twitter.com\/AmicOaxaca1?ref_src=twsrc%5Etfw\">@AmicOaxaca1<\/a>, <a href=\"https:\/\/twitter.com\/JavierChavezRos?ref_src=twsrc%5Etfw\">@JavierChavezRos<\/a>, dio a conocer su registro como precandidato a presidente municipal de Oaxaca de Ju\u00e1rez, por el Partido Movimiento Ciudadano (MC). <a href=\"https:\/\/t.co\/CYbCi2zZnw\">pic.twitter.com\/CYbCi2zZnw<\/a><\/p>&mdash; Zona Roja Oaxaca (@MexRoja) <a href=\"https:\/\/twitter.com\/MexRoja\/status\/1343259286260965378?ref_src=twsrc%5Etfw\">27 de diciembre de 2020<\/a><\/blockquote><\/div>\n<\/div><\/figure>\n\n\n\n<p>En conferencia de prensa en la sede del partido, en un domicilio de la colonia Reforma de la capital, Ch\u00e1vez Rosales sostuvo que si bien no cuenta con trayectoria pol\u00edtica, tiene la experiencia y el conocimiento suficiente de las demandas de la sociedad.<\/p>\n\n\n\n<p>\u201cParte de la reflexi\u00f3n que me llev\u00f3 a tomar la decisi\u00f3n, fue la falta de oportunidades, como empresarios o como comerciantes o como simples ciudadanos; muchas vicisitudes para acceder a lo m\u00e1s elemental de los servicios p\u00fablicos del gobierno\u201d, refiri\u00f3.<\/p>\n\n\n\n<p>Agreg\u00f3 que con la actual presidencia municipal a cargo de Oswaldo Garc\u00eda Jarqu\u00edn, del Partido Morena, no est\u00e1 de acuerdo con muchas cosas; principalmente la falta de empat\u00eda, la lejan\u00eda como autoridad; \u201ces una persona que no recibe a nadie, que no quiere construir hombro con hombro con los ciudadanos.<\/p>\n\n\n\n<p>Por eso mi propuesta es hacer un plan de gobierno de la mano y hombro con hombro con los ciudadanos, que todos los sectores participen, que las pol\u00edticas p\u00fablicas no nazcan de los asesores que vienen de fuera del estado sino de los ciudadanos\u201d, remarc\u00f3.<\/p>\n\n\n\n<figure class=\"wp-block-embed-twitter wp-block-embed is-type-rich is-provider-twitter\"><div class=\"wp-block-embed__wrapper\">\n<div class=\"twitter-tweet\"><blockquote class=\"twitter-tweet\" data-lang=\"es\"><p lang=\"es\" dir=\"ltr\"><a href=\"https:\/\/twitter.com\/hashtag\/%C3%9AltimoMinuto?src=hash&amp;ref_src=twsrc%5Etfw\">#\u00daltimoMinuto<\/a> <br>Tras las acciones ciudadanas que realiz\u00f3 a favor de las vialidades de la capital de <a href=\"https:\/\/twitter.com\/hashtag\/Oaxaca?src=hash&amp;ref_src=twsrc%5Etfw\">#Oaxaca<\/a>,el dirigente de la <a href=\"https:\/\/twitter.com\/AmicOaxaca1?ref_src=twsrc%5Etfw\">@AmicOaxaca1<\/a>, <a href=\"https:\/\/twitter.com\/JavierChavezRos?ref_src=twsrc%5Etfw\">@JavierChavezRos<\/a>, se\u00f1al\u00f3 que continu\u00f3 el hostigamiento por parte del <a href=\"https:\/\/twitter.com\/MunicipioOaxaca?ref_src=twsrc%5Etfw\">@MunicipioOaxaca<\/a>;recientemente fue de la autoridad auxiliar de Montoya. <a href=\"https:\/\/t.co\/QShgshgybL\">pic.twitter.com\/QShgshgybL<\/a><\/p>&mdash; Zona Roja Oaxaca (@MexRoja) <a href=\"https:\/\/twitter.com\/MexRoja\/status\/1343264152878542850?ref_src=twsrc%5Etfw\">27 de diciembre de 2020<\/a><\/blockquote><\/div>\n<\/div><\/figure>\n\n\n\n<p>Por su parte, el presidente del Partido Movimiento Ciudadano (MC), Ricardo Coronado, inform\u00f3 que son tres aspirantes a la presidencia municipal y ser\u00e1 asamblea electoral del instituto pol\u00edtico la que tomar\u00e1 la mejor decisi\u00f3n.<\/p>\n\n\n\n<p>\u201cLas alianzas pol\u00edticas anunciadas son antinaturales, s\u00f3lo por lograr el poder dejan la dignidad en el camino, por eso no nos hemos sumado, por eso decidimos participar solos en este proceso como lo hicimos desde el 2013 en la ciudad de Oaxaca, solos; nosotros no somos como algunos otros institutos que s\u00f3lo se cuelgan del poder, tenemos nuestra propia trayectoria\u201d, manifest\u00f3.<\/p>\n","protected":false},"excerpt":{"rendered":"<p>Ismael Garc\u00eda M.\/Zona Roja. Oaxaca de Ju\u00e1rez, Oax., 27 de diciembre de 2020.- El presidente&hellip;<\/p>\n","protected":false},"author":2,"featured_media":21711,"comment_status":"closed","ping_status":"open","sticky":false,"template":"","format":"standard","meta":{"_lmt_disableupdate":"","_lmt_disable":"","_jetpack_memberships_contains_paid_content":false,"footnotes":""},"categories":[1],"tags":[],"class_list":["post-21710","post","type-post","status-publish","format-standard","has-post-thumbnail","hentry","category-sin-categoria"],"jetpack_featured_media_url":"https:\/\/zonaroja.com.mx\/wp-content\/uploads\/2020\/12\/Javier-Chavez-Rosales.jpg","jetpack_sharing_enabled":true,"_links":{"self":[{"href":"https:\/\/zonaroja.com.mx\/index.php?rest_route=\/wp\/v2\/posts\/21710","targetHints":{"allow":["GET"]}}],"collection":[{"href":"https:\/\/zonaroja.com.mx\/index.php?rest_route=\/wp\/v2\/posts"}],"about":[{"href":"https:\/\/zonaroja.com.mx\/index.php?rest_route=\/wp\/v2\/types\/post"}],"author":[{"embeddable":true,"href":"https:\/\/zonaroja.com.mx\/index.php?rest_route=\/wp\/v2\/users\/2"}],"replies":[{"embeddable":true,"href":"https:\/\/zonaroja.com.mx\/index.php?rest_route=%2Fwp%2Fv2%2Fcomments&post=21710"}],"version-history":[{"count":1,"href":"https:\/\/zonaroja.com.mx\/index.php?rest_route=\/wp\/v2\/posts\/21710\/revisions"}],"predecessor-version":[{"id":21712,"href":"https:\/\/zonaroja.com.mx\/index.php?rest_route=\/wp\/v2\/posts\/21710\/revisions\/21712"}],"wp:featuredmedia":[{"embeddable":true,"href":"https:\/\/zonaroja.com.mx\/index.php?rest_route=\/wp\/v2\/media\/21711"}],"wp:attachment":[{"href":"https:\/\/zonaroja.com.mx\/index.php?rest_route=%2Fwp%2Fv2%2Fmedia&parent=21710"}],"wp:term":[{"taxonomy":"category","embeddable":true,"href":"https:\/\/zonaroja.com.mx\/index.php?rest_route=%2Fwp%2Fv2%2Fcategories&post=21710"},{"taxonomy":"post_tag","embeddable":true,"href":"https:\/\/zonaroja.com.mx\/index.php?rest_route=%2Fwp%2Fv2%2Ftags&post=21710"}],"curies":[{"name":"wp","href":"https:\/\/api.w.org\/{rel}","templated":true}]}}