{"id":21713,"date":"2020-12-27T16:57:20","date_gmt":"2020-12-27T22:57:20","guid":{"rendered":"http:\/\/www.zonaroja.com.mx\/?p=21713"},"modified":"2020-12-27T16:57:25","modified_gmt":"2020-12-27T22:57:25","slug":"fiscalias-omisas-en-la-busqueda-de-desaparecidos-de-cajonos","status":"publish","type":"post","link":"https:\/\/zonaroja.com.mx\/?p=21713","title":{"rendered":"Fiscal\u00edas, omisas en la b\u00fasqueda de desaparecidos de Cajonos"},"content":{"rendered":"\n<p>Ismael Garc\u00eda M.\/Zona Roja.<\/p>\n\n\n\n<p>Oaxaca de Ju\u00e1rez, Oax., 27 de diciembre de 2020.- Al cumplirse tres a\u00f1os de la desaparici\u00f3n, ni las autoridades federales ni las estatales han dado resultados para dar con el paradero de dos ind\u00edgenas de San Miguel Cajonos, presuntamente desaparecidos por pobladores de San Pedro Cajonos.<\/p>\n\n\n\n<p>Fue el 27 de diciembre de 2017 en que \u00c1lvaro Bernardo Reyes Cruz, presidente del Comisariado de Bienes Comunales, y Federico Cruz Morales, secretario del Consejo de Vigilancia, fueron vistos por \u00faltima vez, en las monta\u00f1as de la zona.<\/p>\n\n\n\n<p>\u201cEn varias ocasiones solicitamos la intervenci\u00f3n del doctor Rub\u00e9n Vasconcelos, fiscal del General Estado de Oaxaca, para que atendiera el problema; solicitamos que instalara mesas de negociaci\u00f3n para resolver el problema. Siempre nos dio falsas esperanzas\u201d, dieron a conocer este domingo en el z\u00f3calo de la capital.<\/p>\n\n\n\n<p>Familiares de las v\u00edctimas de desaparici\u00f3n y pobladores de dicha localidad de la regi\u00f3n Sierra Norte del estado exigieron en conferencia de prensa la agilizaci\u00f3n de la b\u00fasqueda.<\/p>\n\n\n\n<p>El pasado 30 de noviembre se har\u00eda otro operativo, que luego se pospuso para el 4 de diciembre pero finalmente no se realiz\u00f3 debido a las condiciones meteorol\u00f3gicas.<\/p>\n\n\n\n<figure class=\"wp-block-embed-twitter wp-block-embed is-type-rich is-provider-twitter\"><div class=\"wp-block-embed__wrapper\">\n<div class=\"twitter-tweet\"><blockquote class=\"twitter-tweet\" data-lang=\"es\"><p lang=\"es\" dir=\"ltr\"><a href=\"https:\/\/twitter.com\/hashtag\/%C3%9AltimoMinuto?src=hash&amp;ref_src=twsrc%5Etfw\">#\u00daltimoMinuto<\/a> <br>Pobladores de San Miguel Cajonos protestaron hoy en el z\u00f3calo de la capital de Oaxaca, para exigir a las autoridades intensificar la b\u00fasqueda de dos campesinos, desaparecidos hoy hace tres a\u00f1os. La <a href=\"https:\/\/twitter.com\/FISCALIA_GobOax?ref_src=twsrc%5Etfw\">@FISCALIA_GobOax<\/a> s\u00f3lo les hace dar vueltas, acusan. <a href=\"https:\/\/t.co\/8cddL3XDit\">pic.twitter.com\/8cddL3XDit<\/a><\/p>&mdash; Zona Roja Oaxaca (@MexRoja) <a href=\"https:\/\/twitter.com\/MexRoja\/status\/1343245880992944128?ref_src=twsrc%5Etfw\">27 de diciembre de 2020<\/a><\/blockquote><\/div>\n<\/div><\/figure>\n\n\n\n<p>\u201cDespu\u00e9s de m\u00e1s de varios meses sin informaci\u00f3n, en agosto de 2018 se solicit\u00f3 a la entonces PGR que atrajera el caso, integr\u00e1ndose la carpeta FED\/SDHPOSC\/FEIDDF-OAX\/0000477\/2018. A partir de entonces se han tenido reuniones con autoridades federales con familiares de desaparecidos y hasta estos momentos no hay indicios de ellos, indicaron.<\/p>\n\n\n\n<p>Agregaron que del caso tiene conocimiento la Comisi\u00f3n Nacional de Derechos Humanos, el Alto Comisionado de Derechos Humanos de la ONU y la Comisi\u00f3n Nacional de B\u00fasqueda, pero tampoco han dado resultados positivos.<\/p>\n\n\n\n<p>Lamentaron que a pesar de tener la carpeta de investigaci\u00f3n, no existe trabajo para localizarlos, por lo que recurrieron a otras instancias como la Comisi\u00f3n Nacional de Derechos Humanos y organizaciones internacionales, sin lograr los objetivos deseados.<\/p>\n\n\n\n<p>Exigieron atenci\u00f3n urgente pues se mantienen en la incertidumbre, no tienen tranquilidad, y a pesar de haber realizado algunas b\u00fasquedas, no han logrado mayores resultados, por lo que exigieron atenci\u00f3n de las autoridades correspondientes.<\/p>\n","protected":false},"excerpt":{"rendered":"<p>Ismael Garc\u00eda M.\/Zona Roja. Oaxaca de Ju\u00e1rez, Oax., 27 de diciembre de 2020.- Al cumplirse&hellip;<\/p>\n","protected":false},"author":2,"featured_media":21714,"comment_status":"closed","ping_status":"open","sticky":false,"template":"","format":"standard","meta":{"_lmt_disableupdate":"","_lmt_disable":"","_jetpack_memberships_contains_paid_content":false,"footnotes":""},"categories":[109,47],"tags":[1205],"class_list":["post-21713","post","type-post","status-publish","format-standard","has-post-thumbnail","hentry","category-minuto-a-minuto","category-zona-gris","tag-san-miguel-cajonos"],"jetpack_featured_media_url":"https:\/\/zonaroja.com.mx\/wp-content\/uploads\/2020\/12\/Conferencia-San-Miguel-Cajonos.jpg","jetpack_sharing_enabled":true,"_links":{"self":[{"href":"https:\/\/zonaroja.com.mx\/index.php?rest_route=\/wp\/v2\/posts\/21713","targetHints":{"allow":["GET"]}}],"collection":[{"href":"https:\/\/zonaroja.com.mx\/index.php?rest_route=\/wp\/v2\/posts"}],"about":[{"href":"https:\/\/zonaroja.com.mx\/index.php?rest_route=\/wp\/v2\/types\/post"}],"author":[{"embeddable":true,"href":"https:\/\/zonaroja.com.mx\/index.php?rest_route=\/wp\/v2\/users\/2"}],"replies":[{"embeddable":true,"href":"https:\/\/zonaroja.com.mx\/index.php?rest_route=%2Fwp%2Fv2%2Fcomments&post=21713"}],"version-history":[{"count":1,"href":"https:\/\/zonaroja.com.mx\/index.php?rest_route=\/wp\/v2\/posts\/21713\/revisions"}],"predecessor-version":[{"id":21715,"href":"https:\/\/zonaroja.com.mx\/index.php?rest_route=\/wp\/v2\/posts\/21713\/revisions\/21715"}],"wp:featuredmedia":[{"embeddable":true,"href":"https:\/\/zonaroja.com.mx\/index.php?rest_route=\/wp\/v2\/media\/21714"}],"wp:attachment":[{"href":"https:\/\/zonaroja.com.mx\/index.php?rest_route=%2Fwp%2Fv2%2Fmedia&parent=21713"}],"wp:term":[{"taxonomy":"category","embeddable":true,"href":"https:\/\/zonaroja.com.mx\/index.php?rest_route=%2Fwp%2Fv2%2Fcategories&post=21713"},{"taxonomy":"post_tag","embeddable":true,"href":"https:\/\/zonaroja.com.mx\/index.php?rest_route=%2Fwp%2Fv2%2Ftags&post=21713"}],"curies":[{"name":"wp","href":"https:\/\/api.w.org\/{rel}","templated":true}]}}