{"id":21717,"date":"2020-12-27T17:21:19","date_gmt":"2020-12-27T23:21:19","guid":{"rendered":"http:\/\/www.zonaroja.com.mx\/?p=21717"},"modified":"2020-12-27T17:21:26","modified_gmt":"2020-12-27T23:21:26","slug":"violencia-incesante-en-zona-triqui-atacan-a-balazos-a-militante-del-mult","status":"publish","type":"post","link":"https:\/\/zonaroja.com.mx\/?p=21717","title":{"rendered":"Violencia incesante en zona triqui: atacan a balazos a militante del MULT"},"content":{"rendered":"\n<p>Ismael Garc\u00eda M.\/Zona Roja.<\/p>\n\n\n\n<p>Oaxaca de Ju\u00e1rez, Oax., 27 de diciembre de 2020.- Un en\u00e9simo ataque armado se registr\u00f3 en la zona triqui de Oaxaca este domingo.<\/p>\n\n\n\n<p>Fue en el centro del municipio de Putla Villa de Guerrero, en que sujetos desconocidos dispararon en contra de un individuo, tras lo cual huyeron.<\/p>\n\n\n\n<p>La v\u00edctima fue identificada como Justo Santos Quiroz, de 27 a\u00f1os de edad y militante del Movimiento de Unificaci\u00f3n y Lucha Triqui (MULT), originario de San Miguel Copala, quien fue trasladado a una cl\u00ednica particular, donde convalece.<\/p>\n\n\n\n<p>A pesar de que los hechos sucedieron al mediod\u00eda y en c\u00e9ntricas calles, no hubo personas detenidas.<\/p>\n\n\n\n<p>OTRA MASACRE<\/p>\n\n\n\n<p>Apenas el pasado 10 de diciembre se registr\u00f3 un ataque armado, ahora en Santiago Juxtlahuaca, en contra de una familia, en que perdieron la vida cuatro mujeres y un var\u00f3n, quienes tambi\u00e9n eran militantes del MULT.<\/p>\n\n\n\n<p>La masacre se perpetr\u00f3 en el paraje \u201cBarranca Larga\u201d de la comunidad de El Rastrojo Copala; familiares y organizaci\u00f3n social siguen exigiendo justicia.<\/p>\n\n\n\n<p>PIDEN JUSTICIA<\/p>\n\n\n\n<p>Como lo hace el MULT tambi\u00e9n con el caso de Gabino \u00c1vila, dirigente regional de la agrupaci\u00f3n, asesinado a balazos el 12 de noviembre en el centro del municipio de Santiago Juxtlahuaca.<\/p>\n\n\n\n<p>Recientemente acusaron que a la fecha, la Fiscal\u00eda General del Estado de Oaxaca no ha dado a conocer ninguna detenci\u00f3n al respecto, por lo que el crimen permanece en la impunidad.<\/p>\n","protected":false},"excerpt":{"rendered":"<p>Ismael Garc\u00eda M.\/Zona Roja. Oaxaca de Ju\u00e1rez, Oax., 27 de diciembre de 2020.- Un en\u00e9simo&hellip;<\/p>\n","protected":false},"author":2,"featured_media":14425,"comment_status":"closed","ping_status":"open","sticky":false,"template":"","format":"standard","meta":{"_lmt_disableupdate":"","_lmt_disable":"","_jetpack_memberships_contains_paid_content":false,"footnotes":""},"categories":[109,47],"tags":[732,969],"class_list":["post-21717","post","type-post","status-publish","format-standard","has-post-thumbnail","hentry","category-minuto-a-minuto","category-zona-gris","tag-movimiento-de-unificacion-y-lucha-triqui","tag-putla-villa-de-guerrero"],"jetpack_featured_media_url":"https:\/\/zonaroja.com.mx\/wp-content\/uploads\/2020\/06\/Putla-Villa-de-Guerrero4.jpg","jetpack_sharing_enabled":true,"_links":{"self":[{"href":"https:\/\/zonaroja.com.mx\/index.php?rest_route=\/wp\/v2\/posts\/21717","targetHints":{"allow":["GET"]}}],"collection":[{"href":"https:\/\/zonaroja.com.mx\/index.php?rest_route=\/wp\/v2\/posts"}],"about":[{"href":"https:\/\/zonaroja.com.mx\/index.php?rest_route=\/wp\/v2\/types\/post"}],"author":[{"embeddable":true,"href":"https:\/\/zonaroja.com.mx\/index.php?rest_route=\/wp\/v2\/users\/2"}],"replies":[{"embeddable":true,"href":"https:\/\/zonaroja.com.mx\/index.php?rest_route=%2Fwp%2Fv2%2Fcomments&post=21717"}],"version-history":[{"count":1,"href":"https:\/\/zonaroja.com.mx\/index.php?rest_route=\/wp\/v2\/posts\/21717\/revisions"}],"predecessor-version":[{"id":21718,"href":"https:\/\/zonaroja.com.mx\/index.php?rest_route=\/wp\/v2\/posts\/21717\/revisions\/21718"}],"wp:featuredmedia":[{"embeddable":true,"href":"https:\/\/zonaroja.com.mx\/index.php?rest_route=\/wp\/v2\/media\/14425"}],"wp:attachment":[{"href":"https:\/\/zonaroja.com.mx\/index.php?rest_route=%2Fwp%2Fv2%2Fmedia&parent=21717"}],"wp:term":[{"taxonomy":"category","embeddable":true,"href":"https:\/\/zonaroja.com.mx\/index.php?rest_route=%2Fwp%2Fv2%2Fcategories&post=21717"},{"taxonomy":"post_tag","embeddable":true,"href":"https:\/\/zonaroja.com.mx\/index.php?rest_route=%2Fwp%2Fv2%2Ftags&post=21717"}],"curies":[{"name":"wp","href":"https:\/\/api.w.org\/{rel}","templated":true}]}}