{"id":21724,"date":"2020-12-27T21:04:29","date_gmt":"2020-12-28T03:04:29","guid":{"rendered":"http:\/\/www.zonaroja.com.mx\/?p=21724"},"modified":"2020-12-27T21:04:34","modified_gmt":"2020-12-28T03:04:34","slug":"prioridad-en-fin-de-ano-ante-la-pandemia-de-covid-salud-y-familia-sso","status":"publish","type":"post","link":"https:\/\/zonaroja.com.mx\/?p=21724","title":{"rendered":"Prioridad en fin de a\u00f1o ante la pandemia de Covid, salud y familia: SSO"},"content":{"rendered":"\n<p>Redacci\u00f3n\/Zona Roja.<\/p>\n\n\n\n<p>Oaxaca de Ju\u00e1rez, Oax. 27 de diciembre de 2020.- \u201cEstamos iniciando la segunda semana del sem\u00e1foro naranja en Oaxaca, en medio de una de las \u00e9pocas m\u00e1s significativas para las familias, el fin de a\u00f1o; ello debe invitarnos a reflexionar y tomar conciencia de que lo verdaderamente es importante en la vida: la salud y la familia\u201d, asever\u00f3 el secretario de Salud, Donato Casas Escamilla.<\/p>\n\n\n\n<p>En un comunicado de prensa este domingo, dio a conocer que tienen registrados al d\u00eda de hoy, 31 nuevos casos de Covid-19, que suman 27 mil 663 acumulados en la entidad.<\/p>\n\n\n\n<p>As\u00ed tambi\u00e9n, se\u00f1al\u00f3 que hay 44 mil 027 notificaciones, 12 mil 253 han sido negativos, cuatro mil 111 son sospechosos, 25 mil 014 se han recuperado de la enfermedad y se contabilizaron tres decesos m\u00e1s, que al corte de este 27 de diciembre contabilizan dos mil 082 defunciones.<\/p>\n\n\n\n<p>El titular de los Servicios de Salud de Oaxaca (SSO) puntualiz\u00f3 que para este domingo la Jurisdicci\u00f3n Sanitaria n\u00famero uno Valles Centrales contabiliza 18 mil 923 casos positivos, Istmo dos mil 439, Mixteca dos mil 067, Tuxtepec mil 944, Costa mil 410 y la Sierra 880.<\/p>\n\n\n\n<p>Sostuvo que los 31 casos nuevos de Covid-19 se distribuyen en 15 municipios, siendo los que mayor incidencia: Oaxaca de Ju\u00e1rez con 10, Santa Luc\u00eda del Camino y Santa Mar\u00eda Huatulco con cuatro, respectivamente, as\u00ed como Heroica Ciudad de Ejutla de Crespo y Ayoquezco de Aldama con dos cada uno, el resto un caso.<\/p>\n\n\n\n<p>A\u00f1adi\u00f3 que hay 579 casos activos, de los cuales, Valles Centrales registra 451, Mixteca 54, Sierra 22, Costa 20, Istmo 19 y Tuxtepec 13.<\/p>\n\n\n\n<p>El titular de los SSO, dijo que hay una ocupaci\u00f3n hospitalaria global para la atenci\u00f3n de pacientes con Covid-19 del 40.6 %, del cual, el 44.5% son camas sin ventilador y el 32% con ventilador.<\/p>\n\n\n\n<p>Hizo hincapi\u00e9 que durante este 2020, el sector Salud ha luchado incansablemente contra el Covid-19, a trav\u00e9s de largas jornadas de atenci\u00f3n m\u00e9dica en los hospitales y centros de salud, capacit\u00e1ndose permanentemente contra un enemigo mortal, y recordando a la ciudadan\u00eda que la mejor manera de protegerse, es la prevenci\u00f3n.<\/p>\n\n\n\n<p>El funcionario exhort\u00f3 a la poblaci\u00f3n a no bajar la guardia, a continuar con el uso correcto del cubrebocas, el lavado o desinfecci\u00f3n frecuente de manos, la sana distancia, y principalmente, evitar salir de casa si no es estrictamente necesario.<\/p>\n\n\n\n<p>\u201cEl 2020 est\u00e1 por terminar, pero la lucha por la salud contin\u00faa y necesitamos de todas y todos para proteger a las familias oaxaque\u00f1as; cu\u00eddate, as\u00ed estar\u00e1s cuid\u00e1ndonos a todos, recuerda que en estas fechas el mejor regalo es la salud\u201d, concluy\u00f3.<\/p>\n","protected":false},"excerpt":{"rendered":"<p>Redacci\u00f3n\/Zona Roja. Oaxaca de Ju\u00e1rez, Oax. 27 de diciembre de 2020.- \u201cEstamos iniciando la segunda&hellip;<\/p>\n","protected":false},"author":2,"featured_media":21725,"comment_status":"closed","ping_status":"open","sticky":false,"template":"","format":"standard","meta":{"_lmt_disableupdate":"","_lmt_disable":"","_jetpack_memberships_contains_paid_content":false,"footnotes":""},"categories":[109,47],"tags":[1512],"class_list":["post-21724","post","type-post","status-publish","format-standard","has-post-thumbnail","hentry","category-minuto-a-minuto","category-zona-gris","tag-coronavirus-oaxaca"],"jetpack_featured_media_url":"https:\/\/zonaroja.com.mx\/wp-content\/uploads\/2020\/12\/GRAFICA-SSO-01-6.jpeg","jetpack_sharing_enabled":true,"_links":{"self":[{"href":"https:\/\/zonaroja.com.mx\/index.php?rest_route=\/wp\/v2\/posts\/21724","targetHints":{"allow":["GET"]}}],"collection":[{"href":"https:\/\/zonaroja.com.mx\/index.php?rest_route=\/wp\/v2\/posts"}],"about":[{"href":"https:\/\/zonaroja.com.mx\/index.php?rest_route=\/wp\/v2\/types\/post"}],"author":[{"embeddable":true,"href":"https:\/\/zonaroja.com.mx\/index.php?rest_route=\/wp\/v2\/users\/2"}],"replies":[{"embeddable":true,"href":"https:\/\/zonaroja.com.mx\/index.php?rest_route=%2Fwp%2Fv2%2Fcomments&post=21724"}],"version-history":[{"count":1,"href":"https:\/\/zonaroja.com.mx\/index.php?rest_route=\/wp\/v2\/posts\/21724\/revisions"}],"predecessor-version":[{"id":21726,"href":"https:\/\/zonaroja.com.mx\/index.php?rest_route=\/wp\/v2\/posts\/21724\/revisions\/21726"}],"wp:featuredmedia":[{"embeddable":true,"href":"https:\/\/zonaroja.com.mx\/index.php?rest_route=\/wp\/v2\/media\/21725"}],"wp:attachment":[{"href":"https:\/\/zonaroja.com.mx\/index.php?rest_route=%2Fwp%2Fv2%2Fmedia&parent=21724"}],"wp:term":[{"taxonomy":"category","embeddable":true,"href":"https:\/\/zonaroja.com.mx\/index.php?rest_route=%2Fwp%2Fv2%2Fcategories&post=21724"},{"taxonomy":"post_tag","embeddable":true,"href":"https:\/\/zonaroja.com.mx\/index.php?rest_route=%2Fwp%2Fv2%2Ftags&post=21724"}],"curies":[{"name":"wp","href":"https:\/\/api.w.org\/{rel}","templated":true}]}}