{"id":21734,"date":"2020-12-28T08:01:48","date_gmt":"2020-12-28T14:01:48","guid":{"rendered":"http:\/\/www.zonaroja.com.mx\/?p=21734"},"modified":"2020-12-28T08:01:52","modified_gmt":"2020-12-28T14:01:52","slug":"en-la-primera-quincena-de-enero-inicia-vacuna-anticovid-para-adultos-mayores","status":"publish","type":"post","link":"https:\/\/zonaroja.com.mx\/?p=21734","title":{"rendered":"En la primera quincena de enero inicia vacuna anticovid para adultos mayores"},"content":{"rendered":"\n<p>Redacci\u00f3n\/Zona Roja Cdmx.<\/p>\n\n\n\n<p>Ciudad de M\u00e9xico, 28 de diciembre de 2020.- En la segunda quincena de enero, la Secretar\u00eda de Salud va a vacunar contra Covid-19 al primer grupo de adultos mayores en M\u00e9xico, revel\u00f3 el presidente Andr\u00e9s Manuel L\u00f3pez Obrador.<\/p>\n\n\n\n<p>En un mensaje difundido anoche en redes sociales, el primer mandatario expuso que las 1.4 millones de vacunas de Pfizer contra Covid-19 ser\u00e1n para 700 mil profesionales de la Salud que atienden la pandemia, porque es de dos dosis, y que en enero se recibir\u00e1 un lote de dos millones de vacunas de CanSino Biologics, de los 35 millones que se van a adquirir con esta farmac\u00e9utica china.<\/p>\n\n\n\n<p>Dijo que se est\u00e1 cerrando el acuerdo con CanSino, porque su vacuna no requiere de bajas temperaturas como la de Pfizer, adem\u00e1s de que es una sola aplicaci\u00f3n.<\/p>\n\n\n\n<p>\u201cYa para la segunda quincena de enero empezamos con los adultos mayores, los ancianos, empezamos con los de m\u00e1s edad, de 100 a 90 a\u00f1os, est\u00e9n donde est\u00e9n. Si no pueden salir de sus casas los vamos a ir a vacunar a sus casas; de 90 a 65 a\u00f1os, lo mismo, vamos a poner en pr\u00e1ctica el mismo mecanismo que utilizamos para entregar las pensiones, a los que viven en las zonas m\u00e1s apartadas del pa\u00eds, que se va en una brigada y se les entregan de manera directa sus apoyos, as\u00ed lo vamos a hacer, pero para la vacunaci\u00f3n\u201d, detall\u00f3.<\/p>\n\n\n\n<p>L\u00f3pez Obrador reiter\u00f3 que la aplicaci\u00f3n ser\u00e1 universal y gratuita, y que la poblaci\u00f3n debe esperar el turno que le corresponda.<\/p>\n\n\n\n<p>Adem\u00e1s, afirm\u00f3 que la iniciativa privada puede adquirir las vacunas y comercializarlas, sin embargo, la obligaci\u00f3n del gobierno es ponerlas a disposici\u00f3n de la poblaci\u00f3n, y se va a vigilar que no haya influyentismo y se cumpla con el programa.<\/p>\n\n\n\n<p>\u201cSe ha dicho que por qu\u00e9 no se permite que se venda (la vacuna) en las farmacias, claro que si hay empresas que quieran comprarla en el extranjero, nosotros no tenemos ning\u00fan impedimento para que se venda, que se compre afuera, nosotros s\u00ed lo que estamos haciendo es comprando todo la que se necesita para garantizar que a nadie le falte y que sea gratuita\u201d, afirm\u00f3.<\/p>\n\n\n\n<p>El mandatario dijo que los maestros que se encuentran en estados con sem\u00e1foro epidemiol\u00f3gico en verde ser\u00e1n vacunados para que puedan dar clases presenciales.<\/p>\n\n\n\n<p>(Informaci\u00f3n de \u201cEl Heraldo de M\u00e9xico\u201d)<\/p>\n","protected":false},"excerpt":{"rendered":"<p>Redacci\u00f3n\/Zona Roja Cdmx. Ciudad de M\u00e9xico, 28 de diciembre de 2020.- En la segunda quincena&hellip;<\/p>\n","protected":false},"author":2,"featured_media":21735,"comment_status":"closed","ping_status":"open","sticky":false,"template":"","format":"standard","meta":{"_lmt_disableupdate":"","_lmt_disable":"","_jetpack_memberships_contains_paid_content":false,"footnotes":""},"categories":[109,46],"tags":[143,2320],"class_list":["post-21734","post","type-post","status-publish","format-standard","has-post-thumbnail","hentry","category-minuto-a-minuto","category-zona-blanca","tag-andres-manuel-lopez-obrador","tag-vacuna-anticovid-mexico"],"jetpack_featured_media_url":"https:\/\/zonaroja.com.mx\/wp-content\/uploads\/2020\/12\/Vacuna-anticovid-1.jpg","jetpack_sharing_enabled":true,"_links":{"self":[{"href":"https:\/\/zonaroja.com.mx\/index.php?rest_route=\/wp\/v2\/posts\/21734","targetHints":{"allow":["GET"]}}],"collection":[{"href":"https:\/\/zonaroja.com.mx\/index.php?rest_route=\/wp\/v2\/posts"}],"about":[{"href":"https:\/\/zonaroja.com.mx\/index.php?rest_route=\/wp\/v2\/types\/post"}],"author":[{"embeddable":true,"href":"https:\/\/zonaroja.com.mx\/index.php?rest_route=\/wp\/v2\/users\/2"}],"replies":[{"embeddable":true,"href":"https:\/\/zonaroja.com.mx\/index.php?rest_route=%2Fwp%2Fv2%2Fcomments&post=21734"}],"version-history":[{"count":1,"href":"https:\/\/zonaroja.com.mx\/index.php?rest_route=\/wp\/v2\/posts\/21734\/revisions"}],"predecessor-version":[{"id":21736,"href":"https:\/\/zonaroja.com.mx\/index.php?rest_route=\/wp\/v2\/posts\/21734\/revisions\/21736"}],"wp:featuredmedia":[{"embeddable":true,"href":"https:\/\/zonaroja.com.mx\/index.php?rest_route=\/wp\/v2\/media\/21735"}],"wp:attachment":[{"href":"https:\/\/zonaroja.com.mx\/index.php?rest_route=%2Fwp%2Fv2%2Fmedia&parent=21734"}],"wp:term":[{"taxonomy":"category","embeddable":true,"href":"https:\/\/zonaroja.com.mx\/index.php?rest_route=%2Fwp%2Fv2%2Fcategories&post=21734"},{"taxonomy":"post_tag","embeddable":true,"href":"https:\/\/zonaroja.com.mx\/index.php?rest_route=%2Fwp%2Fv2%2Ftags&post=21734"}],"curies":[{"name":"wp","href":"https:\/\/api.w.org\/{rel}","templated":true}]}}