{"id":2174,"date":"2019-07-10T22:38:26","date_gmt":"2019-07-11T03:38:26","guid":{"rendered":"http:\/\/www.zonaroja.com.mx\/?p=2174"},"modified":"2019-07-10T22:38:28","modified_gmt":"2019-07-11T03:38:28","slug":"otra-pifia-de-la-fiscalia-sale-libre-lider-transportista-acusado-de-asesinar-a-adolescente","status":"publish","type":"post","link":"https:\/\/zonaroja.com.mx\/?p=2174","title":{"rendered":"Otra pifia de la Fiscal\u00eda: sale libre l\u00edder transportista acusado de asesinar a adolescente"},"content":{"rendered":"\n<p>Redacci\u00f3n<\/p>\n\n\n\n<p>Oaxaca de\nJu\u00e1rez, Oax., 10 de julio de 2019.- Por presuntas deficiencias en la Carpeta de\nInvestigaci\u00f3n presentada por el Ministerio P\u00fablico de la Fiscal\u00eda General del\nEstado, la tarde de este mi\u00e9rcoles fue puesto en libertad Erick Filiberto J.,\nalias \u201cEl Chivo\u201d, dirigente del Sindicato \u201cLibertad\u201d acusado de asesinar a un adolescente.<\/p>\n\n\n\n<p>El pasado 5\nde marzo en inmediaciones del Mercado de Abasto de la capital se suscit\u00f3 un\nenfrentamiento entre integrantes de dicho gremio con adheridos a la\nConfederaci\u00f3n Aut\u00f3noma de Trabajadores y Empleados de M\u00e9xico (CATEM), lo que\ndej\u00f3 como resultado al menos cuatro personas lesionadas.<\/p>\n\n\n\n<p>Al hospital\nfue trasladado uno de ellos, Israel H. R., quien muri\u00f3 horas m\u00e1s tarde en el\nHospital General \u201cDr. Aurelio Valdivieso\u201d. Con base en las indagatorias\ncontenidas en la Carpeta de investigaci\u00f3n 7589\/FDAI\/UEIH\/2019, Erick Filiberto\nparticip\u00f3 en los hechos.<\/p>\n\n\n\n<p>Por lo que\nel dirigente del Sindicato \u201cLibertad\u201d fue aprehendido el 12 de abril, y\nposteriormente el Juez de Control de Tavit, Tlacolula, lo vincul\u00f3 a proceso acusado\ndel delito de homicidio calificado.<\/p>\n\n\n\n<p>despu\u00e9s. Este\nmi\u00e9rcoles, qued\u00f3 absuelto de los cargos, por inconsistencias en las acusaciones.<\/p>\n","protected":false},"excerpt":{"rendered":"<p>Redacci\u00f3n Oaxaca de Ju\u00e1rez, Oax., 10 de julio de 2019.- Por presuntas deficiencias en la&hellip;<\/p>\n","protected":false},"author":2,"featured_media":2175,"comment_status":"closed","ping_status":"open","sticky":false,"template":"","format":"standard","meta":{"_lmt_disableupdate":"","_lmt_disable":"","_jetpack_memberships_contains_paid_content":false,"footnotes":""},"categories":[109,51],"tags":[],"class_list":["post-2174","post","type-post","status-publish","format-standard","has-post-thumbnail","hentry","category-minuto-a-minuto","category-zona-roja"],"jetpack_featured_media_url":"https:\/\/zonaroja.com.mx\/wp-content\/uploads\/2019\/07\/IMG_8223.jpg","jetpack_sharing_enabled":true,"_links":{"self":[{"href":"https:\/\/zonaroja.com.mx\/index.php?rest_route=\/wp\/v2\/posts\/2174","targetHints":{"allow":["GET"]}}],"collection":[{"href":"https:\/\/zonaroja.com.mx\/index.php?rest_route=\/wp\/v2\/posts"}],"about":[{"href":"https:\/\/zonaroja.com.mx\/index.php?rest_route=\/wp\/v2\/types\/post"}],"author":[{"embeddable":true,"href":"https:\/\/zonaroja.com.mx\/index.php?rest_route=\/wp\/v2\/users\/2"}],"replies":[{"embeddable":true,"href":"https:\/\/zonaroja.com.mx\/index.php?rest_route=%2Fwp%2Fv2%2Fcomments&post=2174"}],"version-history":[{"count":1,"href":"https:\/\/zonaroja.com.mx\/index.php?rest_route=\/wp\/v2\/posts\/2174\/revisions"}],"predecessor-version":[{"id":2176,"href":"https:\/\/zonaroja.com.mx\/index.php?rest_route=\/wp\/v2\/posts\/2174\/revisions\/2176"}],"wp:featuredmedia":[{"embeddable":true,"href":"https:\/\/zonaroja.com.mx\/index.php?rest_route=\/wp\/v2\/media\/2175"}],"wp:attachment":[{"href":"https:\/\/zonaroja.com.mx\/index.php?rest_route=%2Fwp%2Fv2%2Fmedia&parent=2174"}],"wp:term":[{"taxonomy":"category","embeddable":true,"href":"https:\/\/zonaroja.com.mx\/index.php?rest_route=%2Fwp%2Fv2%2Fcategories&post=2174"},{"taxonomy":"post_tag","embeddable":true,"href":"https:\/\/zonaroja.com.mx\/index.php?rest_route=%2Fwp%2Fv2%2Ftags&post=2174"}],"curies":[{"name":"wp","href":"https:\/\/api.w.org\/{rel}","templated":true}]}}