{"id":21744,"date":"2020-12-28T13:04:56","date_gmt":"2020-12-28T19:04:56","guid":{"rendered":"https:\/\/www.zonaroja.com.mx\/?p=21744"},"modified":"2020-12-28T15:16:23","modified_gmt":"2020-12-28T21:16:23","slug":"lucha-social-a-favor-de-comunidades-herencia-de-cuevas-cordova","status":"publish","type":"post","link":"https:\/\/zonaroja.com.mx\/?p=21744","title":{"rendered":"Lucha social a favor de comunidades, herencia de Cuevas C\u00f3rdova"},"content":{"rendered":"\n<p class=\"MsoNormal\">Yuridiana Sosa\/Zona Roja.<\/p>\n\n\n\n<p class=\"MsoNormal\">Oaxaca de Ju\u00e1rez, Oax., 28 de diciembre de 2020.- Antes que pol\u00edtico, Oth\u00f3n Cuevas C\u00f3rdova destac\u00f3 por ser un luchador social y promotor de las causas comunitarias, adem\u00e1s de su sincera amistad con todos. <\/p>\n\n\n\n<p class=\"MsoNormal\">La madrugada de <a href=\"\/\/1\">este lunes<\/a> el diputado por Morena en la 64 Legislatura de Oaxaca, falleci\u00f3 a los 55 a\u00f1os de edad, a consecuencia del Covid-19, luego de varios d\u00edas luchando contra la enfermedad desde un hospital.<\/p>\n\n\n\n<p class=\"MsoNormal\">\u201cDespu\u00e9s de huirle al condenado virus, el d\u00eda de hoy di positivo a la prueba del SARS-CoV2. Me encuentro estable y con la ayuda de Dios saldremos adelante de esto\u201d, public\u00f3 el 15 de diciembre en sus redes sociales, misma en la que tambi\u00e9n se dio a conocer su deceso.<\/p>\n\n\n\n<p class=\"MsoNormal\">Los cerca de 35 a\u00f1os de trabajo social que encabez\u00f3 Cuevas C\u00f3rdova, principalmente en la regi\u00f3n de Valles Centrales de Oaxaca, estuvieron marcados por su compromiso, responsabilidad y pasi\u00f3n por la labor, en la que gan\u00f3 simpat\u00edas populares y aliados en sus luchas.<\/p>\n\n\n\n<p class=\"MsoNormal\">Oth\u00f3n Cuevas tambi\u00e9n escribi\u00f3 poes\u00eda y se dedic\u00f3 a realizar caricaturas, que se publicaron en algunos diarios locales de Oaxaca y que desde sus distintos \u00e1mbitos utiliz\u00f3 como herramienta para enviar mensajes por medio de folletos. Tambi\u00e9n tuvo formaci\u00f3n en Filosof\u00eda y Teolog\u00eda.<\/p>\n\n\n\n<p class=\"MsoNormal\">Al lado de su esposa \u201cChuy\u201d -quien falleci\u00f3 hace poco m\u00e1s de un a\u00f1o- en 1989 fund\u00f3 la organizaci\u00f3n comunitaria Cent\u00e9otl, A.C. que por muchos a\u00f1os encabez\u00f3 como presidente y director; en el a\u00f1o 2001 crea la Red Mexicana Contra la Pobreza, A.C. y en el 2003 la organizaci\u00f3n Sinergia para el Desarrollo Integral.<\/p>\n\n\n\n<figure class=\"wp-block-embed-twitter wp-block-embed is-type-rich is-provider-twitter\"><div class=\"wp-block-embed__wrapper\">\n<div class=\"twitter-tweet\"><blockquote class=\"twitter-tweet\" data-lang=\"es\"><p lang=\"es\" dir=\"ltr\">\ud83d\ude4f<br>\u201cCuando la tormenta pase, y se avancen los caminos, y seamos sobrevivientes de un naufragio colectivo, con el coraz\u00f3n lloroso y el destino bendecido, nos sentiremos dichosos tan s\u00f3lo por estar vivos\u201d.<br><br>El diputado <a href=\"https:\/\/twitter.com\/othoncuevas?ref_src=twsrc%5Etfw\">@othoncuevas<\/a> falleci\u00f3 la madrugada de hoy. <br><br>Descanse en Paz. <a href=\"https:\/\/t.co\/ucvBdS0Kfw\">pic.twitter.com\/ucvBdS0Kfw<\/a><\/p>&mdash; Zona Roja Oaxaca (@MexRoja) <a href=\"https:\/\/twitter.com\/MexRoja\/status\/1343550979418050560?ref_src=twsrc%5Etfw\">28 de diciembre de 2020<\/a><\/blockquote><\/div>\n<\/div><\/figure>\n\n\n\n<p class=\"MsoNormal\">Tambi\u00e9n apoy\u00f3 las iniciativas como el Foro de Organismos Civiles de Oaxaca (FOCO), el Foro Oaxaque\u00f1o de la Ni\u00f1ez (FONI), el Espacio Civil de Oaxaca. Adem\u00e1s, junto a su esposa, impuls\u00f3 proyectos como Bancomunidad, Cooperativas de Mujeres y Amaranto de Mesoam\u00e9rica.<\/p>\n\n\n\n<p class=\"MsoNormal\">Para el a\u00f1o 2006, ya con una mayor participaci\u00f3n en el \u00e1mbito pol\u00edtico, Cuevas C\u00f3rdova fund\u00f3 el Consejo Mexicano de Empresas de Econom\u00eda Social. <\/p>\n\n\n\n<p class=\"MsoNormal\">Fue diputado federal (2006-2009) por el Partido de la Revoluci\u00f3n Democr\u00e1tica (PRD), espacio del que expres\u00f3 sus posicionamientos contra la represi\u00f3n que viv\u00eda el movimiento de la APPO. <\/p>\n\n\n\n<p class=\"MsoNormal\">El diputado local de Morena mantuvo una intensa difusi\u00f3n sobre la esperanza para el pa\u00eds y para Oaxaca desde el gobierno de Andr\u00e9s Manuel L\u00f3pez Obrador, de quien fue seguidor por varios a\u00f1os. <\/p>\n\n\n\n<p class=\"MsoNormal\">SU RECIENTE LABOR<\/p>\n\n\n\n<p class=\"MsoNormal\">En su trabajo durante la 64 legislatura, present\u00f3 un proyecto de decreto para que el 2021 se declare como el a\u00f1o de la Econom\u00eda Social y Solidaria, pues uno de sus mayores esfuerzos desde el \u00e1mbito social fue impulsar la econom\u00eda social como el centro del desarrollo, a partir del bienestar del ser humano y no el dinero.<\/p>\n\n\n\n<p class=\"MsoNormal\">Entre otra de sus labores legislativas fue la propuesta para que el IEEPCO investigue y analice posibles actos anticipados de campa\u00f1a y a su vez el Tribunal Estatal Electoral de Oaxaca aplique sanciones sobre los personajes que ya comenzaron con ese tipo de actos.<\/p>\n\n\n\n<p class=\"MsoNormal\">Prohibir cortar el agua por falta de pago, pues el acceso al vital l\u00edquido es un derecho humano. Un ejemplo de la importancia de garantizar este servicio es la pandemia por Covid-19. Exhort\u00f3 a las autoridades capitalinas y zona conurbada para reactivar la ciclov\u00eda, que a pesar que tiene poco tiempo de inaugurada, ya se encuentra abandonada.<\/p>\n\n\n\n<p class=\"MsoNormal\">En el tema del campo, propuso un exhorto para que los titulares de las Secretar\u00edas de Desarrollo Agropecuario, Pesca y Acuacultura, Gabriel Cu\u00e9 Navarro, y de Medio Ambiente, Energ\u00edas y Desarrollo Sustentable, Samuel Gurri\u00f3n Mat\u00edas, a promover la no aplicaci\u00f3n del glifosato utilizado como herbicida en la agricultura, entre otros.<\/p>\n\n\n\n<p class=\"MsoNormal\">Ante su fallecimiento, distintas organizaciones sociales y autoridades manifestaron las condolencias a su familia.<\/p>\n\n\n\n<p class=\"MsoNormal\">Los diputados de la 64 Legislatura tambi\u00e9n lo hicieron por medio de la cuenta de Twitter del Congreso del Estado. \u201cLas y los diputados de la LXIV Legislatura del Congreso del Estado de Oaxaca, lamentan el sensible fallecimiento del compa\u00f1ero, amigo y diputado Oth\u00f3n Cuevas C\u00f3rdova\u201d.<\/p>\n","protected":false},"excerpt":{"rendered":"<p>Yuridiana Sosa\/Zona Roja. Oaxaca de Ju\u00e1rez, Oax., 28 de diciembre de 2020.- Antes que pol\u00edtico,&hellip;<\/p>\n","protected":false},"author":2,"featured_media":21743,"comment_status":"closed","ping_status":"open","sticky":false,"template":"","format":"standard","meta":{"_lmt_disableupdate":"","_lmt_disable":"","_jetpack_memberships_contains_paid_content":false,"footnotes":""},"categories":[109,47],"tags":[1311],"class_list":["post-21744","post","type-post","status-publish","format-standard","has-post-thumbnail","hentry","category-minuto-a-minuto","category-zona-gris","tag-othon-cuevas-cordova"],"jetpack_featured_media_url":"https:\/\/zonaroja.com.mx\/wp-content\/uploads\/2020\/12\/img_6946.jpg","jetpack_sharing_enabled":true,"_links":{"self":[{"href":"https:\/\/zonaroja.com.mx\/index.php?rest_route=\/wp\/v2\/posts\/21744","targetHints":{"allow":["GET"]}}],"collection":[{"href":"https:\/\/zonaroja.com.mx\/index.php?rest_route=\/wp\/v2\/posts"}],"about":[{"href":"https:\/\/zonaroja.com.mx\/index.php?rest_route=\/wp\/v2\/types\/post"}],"author":[{"embeddable":true,"href":"https:\/\/zonaroja.com.mx\/index.php?rest_route=\/wp\/v2\/users\/2"}],"replies":[{"embeddable":true,"href":"https:\/\/zonaroja.com.mx\/index.php?rest_route=%2Fwp%2Fv2%2Fcomments&post=21744"}],"version-history":[{"count":2,"href":"https:\/\/zonaroja.com.mx\/index.php?rest_route=\/wp\/v2\/posts\/21744\/revisions"}],"predecessor-version":[{"id":21752,"href":"https:\/\/zonaroja.com.mx\/index.php?rest_route=\/wp\/v2\/posts\/21744\/revisions\/21752"}],"wp:featuredmedia":[{"embeddable":true,"href":"https:\/\/zonaroja.com.mx\/index.php?rest_route=\/wp\/v2\/media\/21743"}],"wp:attachment":[{"href":"https:\/\/zonaroja.com.mx\/index.php?rest_route=%2Fwp%2Fv2%2Fmedia&parent=21744"}],"wp:term":[{"taxonomy":"category","embeddable":true,"href":"https:\/\/zonaroja.com.mx\/index.php?rest_route=%2Fwp%2Fv2%2Fcategories&post=21744"},{"taxonomy":"post_tag","embeddable":true,"href":"https:\/\/zonaroja.com.mx\/index.php?rest_route=%2Fwp%2Fv2%2Ftags&post=21744"}],"curies":[{"name":"wp","href":"https:\/\/api.w.org\/{rel}","templated":true}]}}