{"id":21749,"date":"2020-12-28T15:07:53","date_gmt":"2020-12-28T21:07:53","guid":{"rendered":"http:\/\/www.zonaroja.com.mx\/?p=21749"},"modified":"2020-12-28T15:07:57","modified_gmt":"2020-12-28T21:07:57","slug":"bertha-el-feminicidio-numero-111-de-este-ano-en-oaxaca","status":"publish","type":"post","link":"https:\/\/zonaroja.com.mx\/?p=21749","title":{"rendered":"Bertha, el feminicidio n\u00famero 111 de este a\u00f1o en Oaxaca"},"content":{"rendered":"\n<p>Evlin Arag\u00f3n\/Zona Roja.<\/p>\n\n\n\n<p>Oaxaca de Ju\u00e1rez, Oax., 28 de diciembre de 2020.- Bertha Jos\u00e9 Dom\u00ednguez fue asesinada en plena Navidad. Su cuerpo sin vida fue encontrado al interior de su domicilio y el principal sospechoso es su esposo Jes\u00fas N., quien huy\u00f3 del lugar y se encuentra pr\u00f3fugo de la justicia.<\/p>\n\n\n\n<p>Los hechos se registraron el pasado viernes en el municipio de Uni\u00f3n Hidalgo, perteneciente a la regi\u00f3n del Istmo de Tehuantepec, la cual se ha consolidado como m\u00e1s violenta para las mujeres durante este 2020.<\/p>\n\n\n\n<p>El feminicidio de Bertha ha causado conmoci\u00f3n en la localidad e indignaci\u00f3n en todo estado; decenas de colectivas feministas como Mujeres de la Sal, Marea Verde Oaxaca, Feministas al Aire, entre otras, se han sumado a la exigencia de justica para la joven mujer.<\/p>\n\n\n\n<p>\u201cNo queremos que este caso siga sumando la larga lista de feminicidios cometidos en el estado de Oaxaca, y que siguen sin resolverse. No queremos que, por la misoginia y el racismo institucional, este delito quede impune\u201d, refieren las integrantes de Mujeres de la Sal.&nbsp;<\/p>\n\n\n\n<p>Las activistas exhortaron a las autoridades ejecutar el protocolo para la presentaci\u00f3n del esposo de Bertha, como principal sospechoso, adem\u00e1s de iniciar la carpeta de investigaci\u00f3n por el delito de feminicidio.<\/p>\n\n\n\n<p>CADENA DE CR\u00cdMENES<\/p>\n\n\n\n<p>Bertha no fue la \u00fanica mujer asesinada en las \u00faltimas horas; a la larga lista de feminicidios se une Nayeli S. G., de 17 a\u00f1os de edad, quien fue agredida a balazos en el interior de su domicilio ubicado en el municipio de San Antonio de la Cal.<\/p>\n\n\n\n<p>La menor de edad fue trasladada a una cl\u00ednica particular en la colonia Reforma Agraria de Santa Cruz Xoxocotl\u00e1n, sin embargo, minutos despu\u00e9s muri\u00f3 debido a la gravedad de las heridas, por disparos en la cabeza.<\/p>\n\n\n\n<p>Ni las festividades navide\u00f1as salvan a las mujeres de la violencia de g\u00e9nero y feminicida que en lo que va del mes de diciembre ha cobrado la vida de 14 mujeres: Bertha, Nayeli, Melissa, Mar\u00eda Magdalena, Dariana Isabel, N.N., Luisa, Elvira, Mar\u00eda Macaria, Feliciana, Tania, N.N., Guadalupe y Alba.<\/p>\n\n\n\n<p>A las cuales se incluye Joselyn cuyo feminicidio se confirm\u00f3 este mes, aunque el cuerpo fue localizado previamente, y Sherlyn una mujer trans.<\/p>\n\n\n\n<p>VIOLENCIA FEMINICIDA<\/p>\n\n\n\n<p>Conforme al recuento del Centro de Documentaci\u00f3n del Grupo de Estudios sobre la Mujer \u201cRosario Castellanos\u201d en lo que va de este 2020, la cifra de feminicidios aumento a 111, siendo el Istmo y Valles Centrales las zonas m\u00e1s peligrosas de la entidad.<\/p>\n\n\n\n<p>Los datos arrojan que la administraci\u00f3n de Alejandro Murat est\u00e1 a punto de alcanzar los quinientos feminicidios, al registrar 495 casos, del primero de diciembre del 2016 al 27 de diciembre de este a\u00f1o.<\/p>\n\n\n\n<p>De ellos, 280 asesinatos violentos se han registrado despu\u00e9s de la declaratoria de Alerta de Violencia de G\u00e9nero, lo cual advierte el poco o nulo impacto de las acciones implementadas por las autoridades estatales para combatir la problem\u00e1tica que a nivel nacional deja 11 mujeres muertas al d\u00eda.<\/p>\n\n\n\n<p>Lamentablemente, sigue siendo el hogar el lugar m\u00e1s peligroso para las mujeres; y sus parejas sentimentales sus principales agresores, quienes utilizan armas de fuego o blancas para arrebatarle la vida a quienes juraron amar y proteger, tal y como se demuestra con los recientes casos de Bertha y Melissa.<\/p>\n","protected":false},"excerpt":{"rendered":"<p>Evlin Arag\u00f3n\/Zona Roja. Oaxaca de Ju\u00e1rez, Oax., 28 de diciembre de 2020.- Bertha Jos\u00e9 Dom\u00ednguez&hellip;<\/p>\n","protected":false},"author":2,"featured_media":21750,"comment_status":"closed","ping_status":"open","sticky":false,"template":"","format":"standard","meta":{"_lmt_disableupdate":"","_lmt_disable":"","_jetpack_memberships_contains_paid_content":false,"footnotes":""},"categories":[109,47],"tags":[610],"class_list":["post-21749","post","type-post","status-publish","format-standard","has-post-thumbnail","hentry","category-minuto-a-minuto","category-zona-gris","tag-feminicidios-oaxaca"],"jetpack_featured_media_url":"https:\/\/zonaroja.com.mx\/wp-content\/uploads\/2020\/12\/Justicia-para-Bertha.jpg","jetpack_sharing_enabled":true,"_links":{"self":[{"href":"https:\/\/zonaroja.com.mx\/index.php?rest_route=\/wp\/v2\/posts\/21749","targetHints":{"allow":["GET"]}}],"collection":[{"href":"https:\/\/zonaroja.com.mx\/index.php?rest_route=\/wp\/v2\/posts"}],"about":[{"href":"https:\/\/zonaroja.com.mx\/index.php?rest_route=\/wp\/v2\/types\/post"}],"author":[{"embeddable":true,"href":"https:\/\/zonaroja.com.mx\/index.php?rest_route=\/wp\/v2\/users\/2"}],"replies":[{"embeddable":true,"href":"https:\/\/zonaroja.com.mx\/index.php?rest_route=%2Fwp%2Fv2%2Fcomments&post=21749"}],"version-history":[{"count":1,"href":"https:\/\/zonaroja.com.mx\/index.php?rest_route=\/wp\/v2\/posts\/21749\/revisions"}],"predecessor-version":[{"id":21751,"href":"https:\/\/zonaroja.com.mx\/index.php?rest_route=\/wp\/v2\/posts\/21749\/revisions\/21751"}],"wp:featuredmedia":[{"embeddable":true,"href":"https:\/\/zonaroja.com.mx\/index.php?rest_route=\/wp\/v2\/media\/21750"}],"wp:attachment":[{"href":"https:\/\/zonaroja.com.mx\/index.php?rest_route=%2Fwp%2Fv2%2Fmedia&parent=21749"}],"wp:term":[{"taxonomy":"category","embeddable":true,"href":"https:\/\/zonaroja.com.mx\/index.php?rest_route=%2Fwp%2Fv2%2Fcategories&post=21749"},{"taxonomy":"post_tag","embeddable":true,"href":"https:\/\/zonaroja.com.mx\/index.php?rest_route=%2Fwp%2Fv2%2Ftags&post=21749"}],"curies":[{"name":"wp","href":"https:\/\/api.w.org\/{rel}","templated":true}]}}