{"id":21753,"date":"2020-12-28T15:19:48","date_gmt":"2020-12-28T21:19:48","guid":{"rendered":"http:\/\/www.zonaroja.com.mx\/?p=21753"},"modified":"2020-12-28T15:19:52","modified_gmt":"2020-12-28T21:19:52","slug":"en-oaxaca-robo-a-negocios-y-extorsiones-se-dispararon-en-noviembre","status":"publish","type":"post","link":"https:\/\/zonaroja.com.mx\/?p=21753","title":{"rendered":"En Oaxaca, robo a negocios y extorsiones se dispararon en noviembre"},"content":{"rendered":"\n<p>Yuridiana Sosa\/Zona Roja.<\/p>\n\n\n\n<p>Oaxaca de Ju\u00e1rez, Oax., 28 de diciembre de 2020.- Durante el mes de noviembre, los delitos de robo a negocio y extorsiones en Oaxaca se multiplicaron respecto a los  hechos registrados en octubre de este a\u00f1o, report\u00f3 el Secretariado Ejecutivo del Sistema Nacional de Seguridad P\u00fablica (SESNSP).<\/p>\n\n\n\n<p>El reporte mensual ofrecido durante diciembre, con datos de noviembre como \u00faltimo corte durante este 2020, revel\u00f3 que el onceavo mes fue el m\u00e1s violento para las empresas en Oaxaca, con un total de 138 robos, de los que 83 , el 60 por ciento, se perpetraron con uso de violencia.<\/p>\n\n\n\n<p>El Centro Nacional de Informaci\u00f3n indic\u00f3 que durante los 11 meses transcurridos del 2020 se cometieron mil 204 robos a negocios, de los que 610, que representan el 50.6 por ciento, se llevaron a cabo con violencia.<\/p>\n\n\n\n<p>En el mes de octubre, este delito acumul\u00f3 82 denuncias, lo que represent\u00f3 una baja en comparaci\u00f3n a septiembre con 103 casos. Mientras que los meses con menos denuncias por este hecho fueron marzo y mayo con 90 asuntos.<\/p>\n\n\n\n<p>EXTORSIONES<\/p>\n\n\n\n<p>De enero a noviembre, Oaxaca report\u00f3 la comisi\u00f3n de 103 delitos de extorsi\u00f3n, indic\u00f3 el informe del Secretariado Ejecutivo del Sistema Nacional de Seguridad P\u00fablica (SESNSP).<\/p>\n\n\n\n<p>Noviembre tambi\u00e9n fue de los meses con m\u00e1s hechos de este tipo en la entidad, con 14 denuncias registradas, lo que represent\u00f3 un incremento del 64 por ciento respecto a los cinco reportados en octubre.<\/p>\n\n\n\n<p>Sin embargo, durante los meses de agosto y julio tambi\u00e9n se alcanz\u00f3 esta cifra, mientras que junio y mayo registraron la cifra m\u00e1s baja con cuatro hechos.<\/p>\n","protected":false},"excerpt":{"rendered":"<p>Yuridiana Sosa\/Zona Roja. Oaxaca de Ju\u00e1rez, Oax., 28 de diciembre de 2020.- Durante el mes&hellip;<\/p>\n","protected":false},"author":2,"featured_media":1544,"comment_status":"closed","ping_status":"open","sticky":false,"template":"","format":"standard","meta":{"_lmt_disableupdate":"","_lmt_disable":"","_jetpack_memberships_contains_paid_content":false,"footnotes":""},"categories":[109,47],"tags":[174],"class_list":["post-21753","post","type-post","status-publish","format-standard","has-post-thumbnail","hentry","category-minuto-a-minuto","category-zona-gris","tag-secretariado-ejecutivo-del-sistema-nacional-de-seguridad-publica"],"jetpack_featured_media_url":"https:\/\/zonaroja.com.mx\/wp-content\/uploads\/2019\/06\/Oaxaca-violencia.jpg","jetpack_sharing_enabled":true,"_links":{"self":[{"href":"https:\/\/zonaroja.com.mx\/index.php?rest_route=\/wp\/v2\/posts\/21753","targetHints":{"allow":["GET"]}}],"collection":[{"href":"https:\/\/zonaroja.com.mx\/index.php?rest_route=\/wp\/v2\/posts"}],"about":[{"href":"https:\/\/zonaroja.com.mx\/index.php?rest_route=\/wp\/v2\/types\/post"}],"author":[{"embeddable":true,"href":"https:\/\/zonaroja.com.mx\/index.php?rest_route=\/wp\/v2\/users\/2"}],"replies":[{"embeddable":true,"href":"https:\/\/zonaroja.com.mx\/index.php?rest_route=%2Fwp%2Fv2%2Fcomments&post=21753"}],"version-history":[{"count":1,"href":"https:\/\/zonaroja.com.mx\/index.php?rest_route=\/wp\/v2\/posts\/21753\/revisions"}],"predecessor-version":[{"id":21754,"href":"https:\/\/zonaroja.com.mx\/index.php?rest_route=\/wp\/v2\/posts\/21753\/revisions\/21754"}],"wp:featuredmedia":[{"embeddable":true,"href":"https:\/\/zonaroja.com.mx\/index.php?rest_route=\/wp\/v2\/media\/1544"}],"wp:attachment":[{"href":"https:\/\/zonaroja.com.mx\/index.php?rest_route=%2Fwp%2Fv2%2Fmedia&parent=21753"}],"wp:term":[{"taxonomy":"category","embeddable":true,"href":"https:\/\/zonaroja.com.mx\/index.php?rest_route=%2Fwp%2Fv2%2Fcategories&post=21753"},{"taxonomy":"post_tag","embeddable":true,"href":"https:\/\/zonaroja.com.mx\/index.php?rest_route=%2Fwp%2Fv2%2Ftags&post=21753"}],"curies":[{"name":"wp","href":"https:\/\/api.w.org\/{rel}","templated":true}]}}