{"id":21755,"date":"2020-12-28T15:30:01","date_gmt":"2020-12-28T21:30:01","guid":{"rendered":"http:\/\/www.zonaroja.com.mx\/?p=21755"},"modified":"2020-12-28T15:30:08","modified_gmt":"2020-12-28T21:30:08","slug":"aumentan-en-oaxaca-juicios-por-violencia-de-genero-en-el-2020","status":"publish","type":"post","link":"https:\/\/zonaroja.com.mx\/?p=21755","title":{"rendered":"Aumentan en Oaxaca juicios por violencia de g\u00e9nero en el 2020"},"content":{"rendered":"\n<p>Evlin Arag\u00f3n\/Zona Roja.<\/p>\n\n\n\n<p>Oaxaca de Ju\u00e1rez, Oax., 28 de diciembre de 2020.- La magistrada presidenta del Tribunal Electoral del Estado de Oaxaca (TEEO), Elizabeth Bautista Velasco, dio a conocer que en este 2020 incrementaron los juicios por violencia en raz\u00f3n de g\u00e9nero en la entidad, llegando a un total de 47 procedimientos, a diferencia de los 30 que se registraron en el 2019.&nbsp;<\/p>\n\n\n\n<p>La tambi\u00e9n presidenta del Observatorio de Participaci\u00f3n Pol\u00edtica de las Mujeres en Oaxaca, expuso lo anterior durante la tercera y \u00faltima reuni\u00f3n ordinaria del a\u00f1o de dicha instancia, que cont\u00f3 con la presencia de representantes del Instituto Estatal Electoral y de Participaci\u00f3n Ciudadana y la Secretar\u00eda de las Mujeres de Oaxaca.&nbsp;<\/p>\n\n\n\n<p>Conforme a lo expuesto por la magistrada se trata de 27 Juicios Ciudadanos; 16 Juicios Ciudadanos en Sistemas Normativos Ind\u00edgenas; 3 Procedimientos Especiales Sancionadores; y un Cuaderno de Antecedentes, los que hacen el total de 47 juicios.<\/p>\n\n\n\n<p>De los anteriores s\u00f3lo en 16 casos se declar\u00f3 existente la violencia pol\u00edtica por raz\u00f3n de g\u00e9nero; mientras que en seis m\u00e1s se declar\u00f3 inexistente; en 10 el juicio se desech\u00f3, reencauz\u00f3 o hubo desistimiento y 15 m\u00e1s se encuentran en instrucci\u00f3n actualmente.&nbsp;<\/p>\n\n\n\n<p>El 51 por ciento de los juicios se han presentado en el r\u00e9gimen de Sistemas Normativos Ind\u00edgenas y el 49 por ciento restantes en el de partidos pol\u00edticos, situaci\u00f3n que podr\u00eda revertirse dado que en el 2021 se llevar\u00e1n a cabo elecciones municipales, estatales y federales.&nbsp;<\/p>\n\n\n\n<p>Bautista Velasco detall\u00f3 que la mayor\u00eda de los casos se relacionan con el derecho de las mujeres a ser votadas, as\u00ed como refieren la falta de pago o disminuci\u00f3n de la dieta, el no convocarlas a las sesiones de cabildo, la usurpaci\u00f3n o sustituci\u00f3n de funciones, ocultamiento de informaci\u00f3n e impedir su incorporaci\u00f3n al cargo por el que fue electa.&nbsp;<\/p>\n\n\n\n<p>Los medios de impugnaci\u00f3n m\u00e1s recurrentes por parte de las mujeres son: el Juicio para la Protecci\u00f3n de los Derechos Pol\u00edtico-Electorales del Ciudadano, el juicio para la Protecci\u00f3n de los Derechos Pol\u00edtico-Electorales de la Ciudadan\u00eda en el R\u00e9gimen de los Sistemas Normativos Internos, as\u00ed como los Procedimiento Especiales Sancionadores.&nbsp;<\/p>\n\n\n\n<p>Por otro lado, la magistrada presidenta del TEEO asegur\u00f3 que las reformas a las leyes durante este 2020 han conseguido el pleno reconocimiento de la Violencia Pol\u00edtica por Raz\u00f3n de G\u00e9nero como infracci\u00f3n electoral y se ha establecido su sujeci\u00f3n al Procedimiento Especial Sancionador.<\/p>\n\n\n\n<p>Adem\u00e1s de contemplar providencias cautelares, medidas de no repetici\u00f3n y reparaci\u00f3n integral de la v\u00edctima, as\u00ed mimo la nulidad judicial de las elecciones en caso de que se demuestre alg\u00fan tipo de violencia cometida, adem\u00e1s de la prohibici\u00f3n para que agresores no puedan contender en los comicios.&nbsp; \u201cEstas reformas son muy importantes y novedosas, nos dan nuevas atribuciones y nos permiten sancionar de manera contundente la violencia pol\u00edtica por raz\u00f3n de g\u00e9nero\u201d, dijo durante su participaci\u00f3n.<\/p>\n","protected":false},"excerpt":{"rendered":"<p>Evlin Arag\u00f3n\/Zona Roja. Oaxaca de Ju\u00e1rez, Oax., 28 de diciembre de 2020.- La magistrada presidenta&hellip;<\/p>\n","protected":false},"author":2,"featured_media":21756,"comment_status":"closed","ping_status":"open","sticky":false,"template":"","format":"standard","meta":{"_lmt_disableupdate":"","_lmt_disable":"","_jetpack_memberships_contains_paid_content":false,"footnotes":""},"categories":[109,47],"tags":[2235],"class_list":["post-21755","post","type-post","status-publish","format-standard","has-post-thumbnail","hentry","category-minuto-a-minuto","category-zona-gris","tag-tribunal-electoral-del-estado-de-oaxaca-teeo"],"jetpack_featured_media_url":"https:\/\/zonaroja.com.mx\/wp-content\/uploads\/2020\/12\/Elizabeth-Bautista-Velasco.jpg","jetpack_sharing_enabled":true,"_links":{"self":[{"href":"https:\/\/zonaroja.com.mx\/index.php?rest_route=\/wp\/v2\/posts\/21755","targetHints":{"allow":["GET"]}}],"collection":[{"href":"https:\/\/zonaroja.com.mx\/index.php?rest_route=\/wp\/v2\/posts"}],"about":[{"href":"https:\/\/zonaroja.com.mx\/index.php?rest_route=\/wp\/v2\/types\/post"}],"author":[{"embeddable":true,"href":"https:\/\/zonaroja.com.mx\/index.php?rest_route=\/wp\/v2\/users\/2"}],"replies":[{"embeddable":true,"href":"https:\/\/zonaroja.com.mx\/index.php?rest_route=%2Fwp%2Fv2%2Fcomments&post=21755"}],"version-history":[{"count":1,"href":"https:\/\/zonaroja.com.mx\/index.php?rest_route=\/wp\/v2\/posts\/21755\/revisions"}],"predecessor-version":[{"id":21757,"href":"https:\/\/zonaroja.com.mx\/index.php?rest_route=\/wp\/v2\/posts\/21755\/revisions\/21757"}],"wp:featuredmedia":[{"embeddable":true,"href":"https:\/\/zonaroja.com.mx\/index.php?rest_route=\/wp\/v2\/media\/21756"}],"wp:attachment":[{"href":"https:\/\/zonaroja.com.mx\/index.php?rest_route=%2Fwp%2Fv2%2Fmedia&parent=21755"}],"wp:term":[{"taxonomy":"category","embeddable":true,"href":"https:\/\/zonaroja.com.mx\/index.php?rest_route=%2Fwp%2Fv2%2Fcategories&post=21755"},{"taxonomy":"post_tag","embeddable":true,"href":"https:\/\/zonaroja.com.mx\/index.php?rest_route=%2Fwp%2Fv2%2Ftags&post=21755"}],"curies":[{"name":"wp","href":"https:\/\/api.w.org\/{rel}","templated":true}]}}