{"id":21758,"date":"2020-12-28T20:54:26","date_gmt":"2020-12-29T02:54:26","guid":{"rendered":"http:\/\/www.zonaroja.com.mx\/?p=21758"},"modified":"2020-12-28T20:54:30","modified_gmt":"2020-12-29T02:54:30","slug":"turistas-abarrotan-monte-alban-y-la-capital-pese-a-pandemia-y-semaforo-naranja","status":"publish","type":"post","link":"https:\/\/zonaroja.com.mx\/?p=21758","title":{"rendered":"Turistas abarrotan Monte Alb\u00e1n y la capital, pese a pandemia y sem\u00e1foro naranja"},"content":{"rendered":"\n<p>Yuridiana Sosa\/Zona Roja.<\/p>\n\n\n\n<p>Oaxaca de Ju\u00e1rez, Oax.- 28 de diciembre de 2020.- El Covid-19 no frena la afluencia de turistas en Oaxaca, a pesar que la entidad regres\u00f3 hace una semana a sem\u00e1foro epidemiol\u00f3gico naranja por el nivel de contagios, principalmente en la capital del estado y la zona conurbada.<\/p>\n\n\n\n<p>Antes del mediod\u00eda de este lunes, la zona arqueol\u00f3gica de Monte Alb\u00e1n registraba el 100 por ciento del acceso permitido por contingencia, limitado a 400 personas, situaci\u00f3n que caus\u00f3 molestia de los visitantes.<\/p>\n\n\n\n<p>El acceso al recinto arqueol\u00f3gico sobre el municipio conurbado de Santa Mar\u00eda Atzompa, estuvo abarrotado por decenas de turistas nacionales y extranjeros que esperaban la desocupaci\u00f3n de espacios para ingresar al sitio.<\/p>\n\n\n\n<p>Cerca de las 11:30 de la ma\u00f1ana, camionetas tur\u00edsticas tipo Van permanec\u00edan a la espera de ser recibidos, mientras que al menos otros cinco autobuses tur\u00edsticos hac\u00edan fila por el mismo motivo.<\/p>\n\n\n\n<figure class=\"wp-block-embed-twitter wp-block-embed is-type-rich is-provider-twitter\"><div class=\"wp-block-embed__wrapper\">\n<div class=\"twitter-tweet\"><blockquote class=\"twitter-tweet\" data-lang=\"es\"><p lang=\"es\" dir=\"ltr\"><a href=\"https:\/\/twitter.com\/hashtag\/ENVIVO?src=hash&amp;ref_src=twsrc%5Etfw\">#ENVIVO<\/a><br>Santa Mar\u00eda Atzompa, Oax., 28 de diciembre de 2020.- Turistas nacionales y extranjeros no alcanzan acceso a la zona arqueol\u00f3gica de Monte Alb\u00e1n, debido a que el cupo se complet\u00f3 a temprana hora. <br>Aqu\u00ed la transmisi\u00f3n:<br>\ud83d\udc47<a href=\"https:\/\/t.co\/hq8cFwPeRv\">https:\/\/t.co\/hq8cFwPeRv<\/a> <a href=\"https:\/\/t.co\/KMQywZnNqa\">pic.twitter.com\/KMQywZnNqa<\/a><\/p>&mdash; Zona Roja Oaxaca (@MexRoja) <a href=\"https:\/\/twitter.com\/MexRoja\/status\/1343623828178612225?ref_src=twsrc%5Etfw\">28 de diciembre de 2020<\/a><\/blockquote><\/div>\n<\/div><\/figure>\n\n\n\n<p>Visitantes provenientes de Tamaulipas, Guanajuato, Jalisco, Tabasco, seg\u00fan las placas vehiculares, no quer\u00edan pasar la oportunidad de conocer el centro ceremonial m\u00e1s importantes de la cultura zapoteca.<\/p>\n\n\n\n<p>Otros decidieron desistir del recorrido, al menos por este d\u00eda, pero para poder ingresar, los turistas han comenzado sus arribos a la zona desde las 7:00 horas, indicaron algunos de los trabajadores de Monte Alb\u00e1n.<\/p>\n\n\n\n<p>Luego de ocho meses de permanecer cerrado por la pandemia, Monte Alb\u00e1n reabri\u00f3 sus puertas al turismo el pasado 24 de noviembre, con algunas \u00e1reas restringidas y con medidas preventivas para evitar la propagaci\u00f3n de contagios de Covid-19, entre estas, las de cupo l\u00edmite de 400 visitantes y un horario de 10:00 horas a 16:00 horas, con \u00faltimo acceso a las 15:30 horas.<\/p>\n\n\n\n<p>Tambi\u00e9n el Centro Hist\u00f3rico de la capital se vio abarrotado de personas, principalmente la explanada de Santo Domingo, el Andador Tur\u00edstico, la Alameda de Le\u00f3n y el z\u00f3calo, as\u00ed como los restaurantes de la zona.<\/p>\n\n\n\n<p>Muchos de los turistas no portaban cubrebocas y hab\u00eda escasos elementos de protecci\u00f3n civil y seguridad municipal para alertar a la poblaci\u00f3n a no andar en la calle sin la protecci\u00f3n necesaria.<\/p>\n","protected":false},"excerpt":{"rendered":"<p>Yuridiana Sosa\/Zona Roja. Oaxaca de Ju\u00e1rez, Oax.- 28 de diciembre de 2020.- El Covid-19 no&hellip;<\/p>\n","protected":false},"author":2,"featured_media":21759,"comment_status":"closed","ping_status":"open","sticky":false,"template":"","format":"standard","meta":{"_lmt_disableupdate":"","_lmt_disable":"","_jetpack_memberships_contains_paid_content":false,"footnotes":""},"categories":[109,47],"tags":[2247],"class_list":["post-21758","post","type-post","status-publish","format-standard","has-post-thumbnail","hentry","category-minuto-a-minuto","category-zona-gris","tag-zona-arqueologica-de-monte-alban"],"jetpack_featured_media_url":"https:\/\/zonaroja.com.mx\/wp-content\/uploads\/2020\/12\/Turistas-Monte-Alban.jpg","jetpack_sharing_enabled":true,"_links":{"self":[{"href":"https:\/\/zonaroja.com.mx\/index.php?rest_route=\/wp\/v2\/posts\/21758","targetHints":{"allow":["GET"]}}],"collection":[{"href":"https:\/\/zonaroja.com.mx\/index.php?rest_route=\/wp\/v2\/posts"}],"about":[{"href":"https:\/\/zonaroja.com.mx\/index.php?rest_route=\/wp\/v2\/types\/post"}],"author":[{"embeddable":true,"href":"https:\/\/zonaroja.com.mx\/index.php?rest_route=\/wp\/v2\/users\/2"}],"replies":[{"embeddable":true,"href":"https:\/\/zonaroja.com.mx\/index.php?rest_route=%2Fwp%2Fv2%2Fcomments&post=21758"}],"version-history":[{"count":1,"href":"https:\/\/zonaroja.com.mx\/index.php?rest_route=\/wp\/v2\/posts\/21758\/revisions"}],"predecessor-version":[{"id":21760,"href":"https:\/\/zonaroja.com.mx\/index.php?rest_route=\/wp\/v2\/posts\/21758\/revisions\/21760"}],"wp:featuredmedia":[{"embeddable":true,"href":"https:\/\/zonaroja.com.mx\/index.php?rest_route=\/wp\/v2\/media\/21759"}],"wp:attachment":[{"href":"https:\/\/zonaroja.com.mx\/index.php?rest_route=%2Fwp%2Fv2%2Fmedia&parent=21758"}],"wp:term":[{"taxonomy":"category","embeddable":true,"href":"https:\/\/zonaroja.com.mx\/index.php?rest_route=%2Fwp%2Fv2%2Fcategories&post=21758"},{"taxonomy":"post_tag","embeddable":true,"href":"https:\/\/zonaroja.com.mx\/index.php?rest_route=%2Fwp%2Fv2%2Ftags&post=21758"}],"curies":[{"name":"wp","href":"https:\/\/api.w.org\/{rel}","templated":true}]}}