{"id":21761,"date":"2020-12-28T21:40:08","date_gmt":"2020-12-29T03:40:08","guid":{"rendered":"http:\/\/www.zonaroja.com.mx\/?p=21761"},"modified":"2020-12-28T21:40:12","modified_gmt":"2020-12-29T03:40:12","slug":"vienen-meses-de-alerta-por-la-pandemia-pese-a-vacunacion-martin-lajous","status":"publish","type":"post","link":"https:\/\/zonaroja.com.mx\/?p=21761","title":{"rendered":"Vienen meses de alerta por la pandemia, pese a vacunaci\u00f3n: Mart\u00edn Lajous"},"content":{"rendered":"\n<p>Evlin Arag\u00f3n\/Zona Roja.<\/p>\n\n\n\n<p>Oaxaca de Ju\u00e1rez, Oax., 28 de diciembre de 2020.- \u201cEsta es una epidemia larga, se ha dicho mucho, y su impacto probablemente aumentara en estos meses de invierno y primavera. Continuaremos en un estado de alerta por lo menos unos 18 meses m\u00e1s\u201d.&nbsp;<\/p>\n\n\n\n<p>Es el pron\u00f3stico para el 2021 realizado por Mart\u00edn Lajous, m\u00e9dico epidemi\u00f3logo en el Instituto Nacional de Salud P\u00fablica y profesor asociado de la Universidad de Harvard, en el marco de su participaci\u00f3n en el ciclo de conferencias \u201cOaxaca en el mundo\u201d, organizadas y transmitidas por la Corporaci\u00f3n Oaxaque\u00f1a de Radio y Televisi\u00f3n (CORTV).<\/p>\n\n\n\n<p>En charla con el historiador Carlos Tello, el especialista indic\u00f3 que derivado de la temporada invernal y los cambios bruscos de temperatura que se dan en la transici\u00f3n a la primavera, podr\u00edan intensificar de nueva cuenta los contagios por Covid-19 al tratarse de un virus que provoca enfermedades respiratorias.&nbsp;<\/p>\n\n\n\n<p>Pese a la llegada de los primeros lotes de vacunas en M\u00e9xico, explic\u00f3 que el proceso de vacunaci\u00f3n tambi\u00e9n ser\u00e1 largo y por etapas; adem\u00e1s que alerto en caso de no ser cuidadosos con la planeaci\u00f3n del esquema, podr\u00eda aumentar la desigualdad en el acceso a los servicios de salud en la poblaci\u00f3n.<\/p>\n\n\n\n<p>\u201cTenemos que poner mucha atenci\u00f3n en comunidades y poblaciones vulnerables que adem\u00e1s tienen un menor acceso a tratamiento si es que est\u00e1n infectados\u201d, dijo.<\/p>\n\n\n\n<p>Para el m\u00e9dico, es indispensable tomar en cuenta las desigualdades sociales al momento de dise\u00f1ar el esquema de vacunaci\u00f3n, ya que, en estados como Oaxaca, con localidades de dif\u00edcil acceso puede convertirse en un problema real la aplicaci\u00f3n de la tan anhelada vacuna.&nbsp;<\/p>\n\n\n\n<p>Tambi\u00e9n se\u00f1al\u00f3 que ser\u00e1 determinante el respaldo que las comunidades le den a los Servicios de Salud para aplicar la vacuna, pero tambi\u00e9n para evitar nuevos riesgos de contagio, ya que la dotaci\u00f3n del inmunizante no garantiza su erradicaci\u00f3n en el corto plazo.&nbsp;<\/p>\n\n\n\n<p>Mart\u00edn Lajous manifest\u00f3 sigue siendo importante tratar de mantenernos en casa el mayor tiempo posible y administrar los riesgos de contagio al salir, es decir conservar el uso de cubrebocas, las medidas de higiene y la sana distancia.<\/p>\n\n\n\n<p>As\u00ed mismo poner atenci\u00f3n en adolescentes y j\u00f3venes que, aunque resultaron ser poco afectados por el virus, han funcionado como transmisores del mismo poniendo en riesgo a la poblaci\u00f3n que si es vulnerable; de ah\u00ed que indic\u00f3 es necesario que este grupo poblaci\u00f3n mantenga las medidas sanitarias y la asuma como importantes.<\/p>\n\n\n\n<p>Adem\u00e1s, pidi\u00f3 minimizar las reuniones familiares de fin de a\u00f1o y de las festividades Reyes Magos, tomando en cuenta las condiciones en la que se llevaran a cabo para evitar el riesgo innecesario.<\/p>\n\n\n\n<p>Con respecto a la actuaci\u00f3n del gobierno mexicano ante la pandemia, el epidemi\u00f3logo asegur\u00f3 que se trata de una respuesta estructurada que ha seguido los lineamientos de la Organizaci\u00f3n Mundial de la Salud, lo anterior no quita la existencia de errores de t\u00e1ctica en una situaci\u00f3n y fen\u00f3meno que nadie se esperaba.&nbsp;<\/p>\n\n\n\n<p>Detall\u00f3 que la comunicaci\u00f3n constante, la capacidad para generar la tecnolog\u00eda del diagn\u00f3stico, y el proceso de reconversi\u00f3n hospitalaria son las tres cosas m\u00e1s exitosas en la atenci\u00f3n de la pandemia.&nbsp;<\/p>\n\n\n\n<p>Finalmente, y con respecto a la pol\u00e9mica del uso de cubrebocas, reconoci\u00f3 que se ha politizado y asegur\u00f3 que su uso es muy importante pero no un sustituto de las medidas de distanciamiento f\u00edsico necesarias para evitar el contagio.&nbsp;<\/p>\n\n\n\n<p>En la introducci\u00f3n del programa, el titular de la CORTV, Mart\u00edn V\u00e1squez Villanueva, destac\u00f3 que estos ejercicios de reflexi\u00f3n y an\u00e1lisis permiten a la sociedad y a las autoridades la toma de decisiones para prevenir contingencias y reforzar acciones sanitarias.<\/p>\n","protected":false},"excerpt":{"rendered":"<p>Evlin Arag\u00f3n\/Zona Roja. Oaxaca de Ju\u00e1rez, Oax., 28 de diciembre de 2020.- \u201cEsta es una&hellip;<\/p>\n","protected":false},"author":2,"featured_media":21762,"comment_status":"closed","ping_status":"open","sticky":false,"template":"","format":"standard","meta":{"_lmt_disableupdate":"","_lmt_disable":"","_jetpack_memberships_contains_paid_content":false,"footnotes":""},"categories":[109,46],"tags":[1890,2323],"class_list":["post-21761","post","type-post","status-publish","format-standard","has-post-thumbnail","hentry","category-minuto-a-minuto","category-zona-blanca","tag-corporacion-oaxaquena-de-radio-y-television-cortv","tag-martin-lajous"],"jetpack_featured_media_url":"https:\/\/zonaroja.com.mx\/wp-content\/uploads\/2020\/12\/Martin-Lajous.jpg","jetpack_sharing_enabled":true,"_links":{"self":[{"href":"https:\/\/zonaroja.com.mx\/index.php?rest_route=\/wp\/v2\/posts\/21761","targetHints":{"allow":["GET"]}}],"collection":[{"href":"https:\/\/zonaroja.com.mx\/index.php?rest_route=\/wp\/v2\/posts"}],"about":[{"href":"https:\/\/zonaroja.com.mx\/index.php?rest_route=\/wp\/v2\/types\/post"}],"author":[{"embeddable":true,"href":"https:\/\/zonaroja.com.mx\/index.php?rest_route=\/wp\/v2\/users\/2"}],"replies":[{"embeddable":true,"href":"https:\/\/zonaroja.com.mx\/index.php?rest_route=%2Fwp%2Fv2%2Fcomments&post=21761"}],"version-history":[{"count":1,"href":"https:\/\/zonaroja.com.mx\/index.php?rest_route=\/wp\/v2\/posts\/21761\/revisions"}],"predecessor-version":[{"id":21763,"href":"https:\/\/zonaroja.com.mx\/index.php?rest_route=\/wp\/v2\/posts\/21761\/revisions\/21763"}],"wp:featuredmedia":[{"embeddable":true,"href":"https:\/\/zonaroja.com.mx\/index.php?rest_route=\/wp\/v2\/media\/21762"}],"wp:attachment":[{"href":"https:\/\/zonaroja.com.mx\/index.php?rest_route=%2Fwp%2Fv2%2Fmedia&parent=21761"}],"wp:term":[{"taxonomy":"category","embeddable":true,"href":"https:\/\/zonaroja.com.mx\/index.php?rest_route=%2Fwp%2Fv2%2Fcategories&post=21761"},{"taxonomy":"post_tag","embeddable":true,"href":"https:\/\/zonaroja.com.mx\/index.php?rest_route=%2Fwp%2Fv2%2Ftags&post=21761"}],"curies":[{"name":"wp","href":"https:\/\/api.w.org\/{rel}","templated":true}]}}