{"id":21767,"date":"2020-12-28T22:06:44","date_gmt":"2020-12-29T04:06:44","guid":{"rendered":"http:\/\/www.zonaroja.com.mx\/?p=21767"},"modified":"2020-12-28T22:06:48","modified_gmt":"2020-12-29T04:06:48","slug":"inicia-oaxaca-segunda-semana-en-semaforo-naranja-con-6-decesos-y-35-positivos","status":"publish","type":"post","link":"https:\/\/zonaroja.com.mx\/?p=21767","title":{"rendered":"Inicia Oaxaca segunda semana en sem\u00e1foro naranja con 6 decesos y 35 positivos"},"content":{"rendered":"\n<p>Redacci\u00f3n\/Zona Roja.<\/p>\n\n\n\n<p>Oaxaca de Ju\u00e1rez, Oax. 28 de diciembre de 2020.- Los Servicios de Salud de Oaxaca (SSO) tienen registrados al corte de este lunes 28 de diciembre de 2020, 35 contagios nuevos de Covid-19, sumando 27 mil 698 contagios acumulados en toda la entidad.<\/p>\n\n\n\n<p>As\u00ed lo dio a conocer a trav\u00e9s de un comunicado, en que detall\u00f3 que se han notificado 44 mil 111 casos, de los cuales 12 mil 292 han sido negativos, hay cuatro mil 121 sospechosos, 25 mil 162 se han recuperado y lamentablemente se contabilizan seis decesos, sumando dos mil 088 defunciones de manera acumulada.<\/p>\n\n\n\n<p>Sostuvo que la Jurisdicci\u00f3n Sanitaria n\u00famero uno Valles Centrales contabiliza 18 mil 949 casos confirmados y mil 082 defunciones, Istmo dos mil 443 y 326 decesos, Mixteca dos mil 068 y 187 muertes, Tuxtepec mil 947 y 281 fallecimientos, Costa mil 410 y 135 defunciones y la Sierra 881 y 77 decesos.<\/p>\n\n\n\n<p>Mencion\u00f3 que los 35 casos nuevos de Covid-19 se registraron en 15 municipios, siendo el de Oaxaca de Ju\u00e1rez el que mayor n\u00famero de casos present\u00f3 con 15; Santa Luc\u00eda del Camino, cinco; Santa Cruz Xoxocotl\u00e1n y San Juan Bautista Tuxtepec dos cada uno; el resto un caso.<\/p>\n\n\n\n<p>A\u00f1adi\u00f3 que hay 461 casos activos, de los cuales la Jurisdicci\u00f3n Sanitaria n\u00famero uno Valles Centrales registra 361, Mixteca 37, Sierra 19, Costa 17, Istmo 14 y Tuxtepec 13.<\/p>\n\n\n\n<p>Destac\u00f3 que en relaci\u00f3n a la ocupaci\u00f3n hospitalaria, los SSO presentan un 28.7%, el Hospital Regional de Alta Especialidad de Oaxaca (HRAEO) 92%, el Hospital de la Ni\u00f1ez Oaxaque\u00f1a 33.3%, Sedena 40.9%, ISSSTE 78%, el IMSS r\u00e9gimen ordinario 50.3%, el IMSS Bienestar 30.1%, Pemex 41.7%, Semar 5.9%, Privado 12.5%, haciendo un total para la atenci\u00f3n de pacientes con COVID-19 del 43.%, de los cuales el 49.3% son camas sin ventilador y el 30.7% de camas con ventilador.<\/p>\n\n\n\n<p>Finalmente, exhort\u00f3 a la poblaci\u00f3n con el objetivo de bajar la curva de contagios, por lo que pidi\u00f3 continuar con las medidas sanitarias mediante cinco reglas: uno, quedarse en casa para prevenir contagios; dos, si sales usa cubrebocas y mant\u00e9n la sana distancia; tres, no hagas fiestas, posadas o reuniones con amigos y familiares; cuatro, las compras las deber\u00e1 hacer una sola persona de la familia; cinco, si eres positivo de COVID-19, a\u00edslate y llama al n\u00famero 800 770 8437 para seguimiento m\u00e9dico.<\/p>\n","protected":false},"excerpt":{"rendered":"<p>Redacci\u00f3n\/Zona Roja. Oaxaca de Ju\u00e1rez, Oax. 28 de diciembre de 2020.- Los Servicios de Salud&hellip;<\/p>\n","protected":false},"author":2,"featured_media":21768,"comment_status":"closed","ping_status":"open","sticky":false,"template":"","format":"standard","meta":{"_lmt_disableupdate":"","_lmt_disable":"","_jetpack_memberships_contains_paid_content":false,"footnotes":""},"categories":[109,47],"tags":[1512],"class_list":["post-21767","post","type-post","status-publish","format-standard","has-post-thumbnail","hentry","category-minuto-a-minuto","category-zona-gris","tag-coronavirus-oaxaca"],"jetpack_featured_media_url":"https:\/\/zonaroja.com.mx\/wp-content\/uploads\/2020\/12\/SSO-2-3.jpeg","jetpack_sharing_enabled":true,"_links":{"self":[{"href":"https:\/\/zonaroja.com.mx\/index.php?rest_route=\/wp\/v2\/posts\/21767","targetHints":{"allow":["GET"]}}],"collection":[{"href":"https:\/\/zonaroja.com.mx\/index.php?rest_route=\/wp\/v2\/posts"}],"about":[{"href":"https:\/\/zonaroja.com.mx\/index.php?rest_route=\/wp\/v2\/types\/post"}],"author":[{"embeddable":true,"href":"https:\/\/zonaroja.com.mx\/index.php?rest_route=\/wp\/v2\/users\/2"}],"replies":[{"embeddable":true,"href":"https:\/\/zonaroja.com.mx\/index.php?rest_route=%2Fwp%2Fv2%2Fcomments&post=21767"}],"version-history":[{"count":1,"href":"https:\/\/zonaroja.com.mx\/index.php?rest_route=\/wp\/v2\/posts\/21767\/revisions"}],"predecessor-version":[{"id":21769,"href":"https:\/\/zonaroja.com.mx\/index.php?rest_route=\/wp\/v2\/posts\/21767\/revisions\/21769"}],"wp:featuredmedia":[{"embeddable":true,"href":"https:\/\/zonaroja.com.mx\/index.php?rest_route=\/wp\/v2\/media\/21768"}],"wp:attachment":[{"href":"https:\/\/zonaroja.com.mx\/index.php?rest_route=%2Fwp%2Fv2%2Fmedia&parent=21767"}],"wp:term":[{"taxonomy":"category","embeddable":true,"href":"https:\/\/zonaroja.com.mx\/index.php?rest_route=%2Fwp%2Fv2%2Fcategories&post=21767"},{"taxonomy":"post_tag","embeddable":true,"href":"https:\/\/zonaroja.com.mx\/index.php?rest_route=%2Fwp%2Fv2%2Ftags&post=21767"}],"curies":[{"name":"wp","href":"https:\/\/api.w.org\/{rel}","templated":true}]}}