{"id":21770,"date":"2020-12-28T22:14:42","date_gmt":"2020-12-29T04:14:42","guid":{"rendered":"http:\/\/www.zonaroja.com.mx\/?p=21770"},"modified":"2020-12-28T22:14:47","modified_gmt":"2020-12-29T04:14:47","slug":"torturan-y-ejecutan-a-un-individuo-en-la-zona-mixe-de-oaxaca","status":"publish","type":"post","link":"https:\/\/zonaroja.com.mx\/?p=21770","title":{"rendered":"Torturan y ejecutan a un individuo en la zona Mixe de Oaxaca"},"content":{"rendered":"\n<p>Redacci\u00f3n\/Zona Roja.<\/p>\n\n\n\n<p>Oaxaca de Ju\u00e1rez, Oax., 28 de diciembre de 2020.- El cuerpo maniatado y con huellas de tortura de un individuo, fue hallado la tarde de este lunes en jurisdicci\u00f3n de San Juan Mazatl\u00e1n Mixe, Oaxaca.<\/p>\n\n\n\n<p>Seg\u00fan los primeros reportes de corporaciones ministerial y policiaca, el cuerpo sin vida y con disparos de arma de fuego en la cabeza fue localizado en un camino de terracer\u00eda que conduce a la comunidad de Nuevo Tutla.<\/p>\n\n\n\n<p>Hasta el momento la v\u00edctima no ha sido identificada y los pobladores no lo reconocen como habitante de la comunidad.<\/p>\n\n\n\n<p>Calculan que tiene aproximadamente 35 a\u00f1os de edad y solo se le aprecian algunos tatuajes en los brazos y una l\u00e1grima en uno de los p\u00f3mulos.<\/p>\n\n\n\n<p>Personal de la Agencia Estatal de Investigaciones asignado a la comandancia de Palomares arrib\u00f3 a la zona para iniciar las indagatorias correspondientes.<\/p>\n","protected":false},"excerpt":{"rendered":"<p>Redacci\u00f3n\/Zona Roja. Oaxaca de Ju\u00e1rez, Oax., 28 de diciembre de 2020.- El cuerpo maniatado y&hellip;<\/p>\n","protected":false},"author":2,"featured_media":21771,"comment_status":"closed","ping_status":"open","sticky":false,"template":"","format":"standard","meta":{"_lmt_disableupdate":"","_lmt_disable":"","_jetpack_memberships_contains_paid_content":false,"footnotes":""},"categories":[109,51],"tags":[933],"class_list":["post-21770","post","type-post","status-publish","format-standard","has-post-thumbnail","hentry","category-minuto-a-minuto","category-zona-roja","tag-san-juan-mazatlan-mixe"],"jetpack_featured_media_url":"https:\/\/zonaroja.com.mx\/wp-content\/uploads\/2020\/12\/Ejecutado-San-Juan-Mazatlan.jpg","jetpack_sharing_enabled":true,"_links":{"self":[{"href":"https:\/\/zonaroja.com.mx\/index.php?rest_route=\/wp\/v2\/posts\/21770","targetHints":{"allow":["GET"]}}],"collection":[{"href":"https:\/\/zonaroja.com.mx\/index.php?rest_route=\/wp\/v2\/posts"}],"about":[{"href":"https:\/\/zonaroja.com.mx\/index.php?rest_route=\/wp\/v2\/types\/post"}],"author":[{"embeddable":true,"href":"https:\/\/zonaroja.com.mx\/index.php?rest_route=\/wp\/v2\/users\/2"}],"replies":[{"embeddable":true,"href":"https:\/\/zonaroja.com.mx\/index.php?rest_route=%2Fwp%2Fv2%2Fcomments&post=21770"}],"version-history":[{"count":1,"href":"https:\/\/zonaroja.com.mx\/index.php?rest_route=\/wp\/v2\/posts\/21770\/revisions"}],"predecessor-version":[{"id":21772,"href":"https:\/\/zonaroja.com.mx\/index.php?rest_route=\/wp\/v2\/posts\/21770\/revisions\/21772"}],"wp:featuredmedia":[{"embeddable":true,"href":"https:\/\/zonaroja.com.mx\/index.php?rest_route=\/wp\/v2\/media\/21771"}],"wp:attachment":[{"href":"https:\/\/zonaroja.com.mx\/index.php?rest_route=%2Fwp%2Fv2%2Fmedia&parent=21770"}],"wp:term":[{"taxonomy":"category","embeddable":true,"href":"https:\/\/zonaroja.com.mx\/index.php?rest_route=%2Fwp%2Fv2%2Fcategories&post=21770"},{"taxonomy":"post_tag","embeddable":true,"href":"https:\/\/zonaroja.com.mx\/index.php?rest_route=%2Fwp%2Fv2%2Ftags&post=21770"}],"curies":[{"name":"wp","href":"https:\/\/api.w.org\/{rel}","templated":true}]}}