{"id":21773,"date":"2020-12-29T07:38:41","date_gmt":"2020-12-29T13:38:41","guid":{"rendered":"http:\/\/www.zonaroja.com.mx\/?p=21773"},"modified":"2020-12-29T07:38:45","modified_gmt":"2020-12-29T13:38:45","slug":"aun-sin-explicacion-caida-de-sistema-en-cfe-que-afecto-a-10-3-millones","status":"publish","type":"post","link":"https:\/\/zonaroja.com.mx\/?p=21773","title":{"rendered":"A\u00fan sin explicaci\u00f3n, ca\u00edda de sistema en CFE que afect\u00f3 a 10.3 millones"},"content":{"rendered":"\n<p>Redacci\u00f3n\/Zona Roja Cdmx.<\/p>\n\n\n\n<p>Ciudad de M\u00e9xico, 29 de diciembre de 2020.- El apag\u00f3n masivo que se registr\u00f3 ayer en al menos 15 estados de la Rep\u00fablica, dej\u00f3 sin luz a cerca de 10.3 millones de personas (19 por ciento de los usuarios), inform\u00f3 la Comisi\u00f3n Federal de Electricidad (CFE).<\/p>\n\n\n\n<p>Sin embargo, hasta la ma\u00f1ana de este martes, no hay una explicaci\u00f3n detallada acerca del origen de la falla; no se descarta que haya sido un sabotaje al sistema el\u00e9ctrico del pa\u00eds.<\/p>\n\n\n\n<p>El evento se suscit\u00f3 luego de que hubo problemas en algunas l\u00edneas de transmisi\u00f3n de Tamaulipas, Mazatl\u00e1n y Tepic, sacando de operaci\u00f3n a, al menos, 16 centrales de generaci\u00f3n de electricidad, lo que ocasion\u00f3 un desbalance entre la energ\u00eda que se produce y la que se consume, seg\u00fan la CFE.<\/p>\n\n\n\n<p>Ante ello, el sistema caus\u00f3 los apagones, como medida de protecci\u00f3n para compensar el desbalance de energ\u00eda, dijo en conferencia de prensa Carlos Gonzalo Mel\u00e9ndez, director del Centro Nacional de Control de Energ\u00eda (Cenace).<\/p>\n\n\n\n<p>\u201cMa\u00f1ana vamos a dar informaci\u00f3n precisa y detallada de qu\u00e9 provoc\u00f3 esa oscilaci\u00f3n y qui\u00e9nes estaban generando electricidad y por qu\u00e9 tuvo este efecto en todo el pa\u00eds, porque hasta en la pen\u00ednsula de Yucat\u00e1n se observ\u00f3 este resultado\u201d, dijo a su vez Manuel Bartlett, director general de la Comisi\u00f3n Federal de Electricidad.<\/p>\n\n\n\n<p>El apag\u00f3n afect\u00f3 22 por ciento del total de usuarios de la Comisi\u00f3n y se propag\u00f3 por los estados de Nayarit, Jalisco, Tabasco, Tamaulipas, San Luis Potos\u00ed, Coahuila, Oaxaca, Hidalgo, Quer\u00e9taro, Nuevo Le\u00f3n, Sinaloa, Estado de M\u00e9xico, Quintana Roo, Morelos y la Ciudad de M\u00e9xico, seg\u00fan los reportes de quejas en redes sociales.<\/p>\n\n\n\n<p>El corte de energ\u00eda ocurri\u00f3 entre las 14:30 horas y las 16:30 horas del lunes, momento en que el Cenace y la Comisi\u00f3n Federal de Electricidad informaron que se hab\u00eda restablecido el servicio para el 100 por ciento de las personas afectadas.<\/p>\n\n\n\n<p>Por otro lado, un reporte de la CEPAL difundido ayer se\u00f1ala que M\u00e9xico se encuentra por encima del promedio de p\u00e9rdidas de energ\u00eda el\u00e9ctrica, con 17 por ciento mientras que la media de Am\u00e9rica Latina es de 16 por ciento, y a nivel global es de 8 por ciento.<\/p>\n\n\n\n<p>Al respecto, Guillermo Nev\u00e1rez, titular de CFE Distribuci\u00f3n, rechaz\u00f3 que no se est\u00e9n haciendo las inversiones necesarias para la red de Comisi\u00f3n Federal de Electricidad y enfatiz\u00f3 que la empresa busca operar con los mejores est\u00e1ndares de calidad y eficiencia.<\/p>\n\n\n\n<p>(Informaci\u00f3n de \u201cEl Heraldo de M\u00e9xico\u201d)<\/p>\n","protected":false},"excerpt":{"rendered":"<p>Redacci\u00f3n\/Zona Roja Cdmx. Ciudad de M\u00e9xico, 29 de diciembre de 2020.- El apag\u00f3n masivo que&hellip;<\/p>\n","protected":false},"author":2,"featured_media":21774,"comment_status":"closed","ping_status":"open","sticky":false,"template":"","format":"standard","meta":{"_lmt_disableupdate":"","_lmt_disable":"","_jetpack_memberships_contains_paid_content":false,"footnotes":""},"categories":[109,47],"tags":[1058],"class_list":["post-21773","post","type-post","status-publish","format-standard","has-post-thumbnail","hentry","category-minuto-a-minuto","category-zona-gris","tag-comision-federal-de-electricidad"],"jetpack_featured_media_url":"https:\/\/zonaroja.com.mx\/wp-content\/uploads\/2020\/12\/CFE.jpg","jetpack_sharing_enabled":true,"_links":{"self":[{"href":"https:\/\/zonaroja.com.mx\/index.php?rest_route=\/wp\/v2\/posts\/21773","targetHints":{"allow":["GET"]}}],"collection":[{"href":"https:\/\/zonaroja.com.mx\/index.php?rest_route=\/wp\/v2\/posts"}],"about":[{"href":"https:\/\/zonaroja.com.mx\/index.php?rest_route=\/wp\/v2\/types\/post"}],"author":[{"embeddable":true,"href":"https:\/\/zonaroja.com.mx\/index.php?rest_route=\/wp\/v2\/users\/2"}],"replies":[{"embeddable":true,"href":"https:\/\/zonaroja.com.mx\/index.php?rest_route=%2Fwp%2Fv2%2Fcomments&post=21773"}],"version-history":[{"count":1,"href":"https:\/\/zonaroja.com.mx\/index.php?rest_route=\/wp\/v2\/posts\/21773\/revisions"}],"predecessor-version":[{"id":21775,"href":"https:\/\/zonaroja.com.mx\/index.php?rest_route=\/wp\/v2\/posts\/21773\/revisions\/21775"}],"wp:featuredmedia":[{"embeddable":true,"href":"https:\/\/zonaroja.com.mx\/index.php?rest_route=\/wp\/v2\/media\/21774"}],"wp:attachment":[{"href":"https:\/\/zonaroja.com.mx\/index.php?rest_route=%2Fwp%2Fv2%2Fmedia&parent=21773"}],"wp:term":[{"taxonomy":"category","embeddable":true,"href":"https:\/\/zonaroja.com.mx\/index.php?rest_route=%2Fwp%2Fv2%2Fcategories&post=21773"},{"taxonomy":"post_tag","embeddable":true,"href":"https:\/\/zonaroja.com.mx\/index.php?rest_route=%2Fwp%2Fv2%2Ftags&post=21773"}],"curies":[{"name":"wp","href":"https:\/\/api.w.org\/{rel}","templated":true}]}}